{"id":1444,"date":"2023-12-08T06:47:18","date_gmt":"2023-12-08T09:47:18","guid":{"rendered":"https:\/\/noticiasregionais.com.br\/?p=1444"},"modified":"2023-12-08T06:58:23","modified_gmt":"2023-12-08T09:58:23","slug":"ensino-tecnico-jovens-qualificados-recebem-32-a-mais","status":"publish","type":"post","link":"https:\/\/noticiasregionais.com.br\/?p=1444","title":{"rendered":"Ensino t\u00e9cnico: jovens qualificados recebem 32% a mais"},"content":{"rendered":"\n<p class=\"has-text-align-center\"><strong>Estudo mostra vantagem de alunos com ensino m\u00e9dio profissionalizante em rela\u00e7\u00e3o aos que sa\u00edram do ensino m\u00e9dio regular e n\u00e3o foram para a universidade<\/strong><\/p>\n\n\n\n<p>Sair do ensino m\u00e9dio com uma profiss\u00e3o, entrar no mercado de trabalho mais cedo e ainda garantir sal\u00e1rios melhores do que quem sai do ensino m\u00e9dio regular. Essas s\u00e3o algumas das vantagens do ensino t\u00e9cnico,&nbsp;confirmadas em n\u00fameros por uma pesquisa recente feita pelo Insper.&nbsp;<\/p>\n\n\n\n<p>O levantamento mostra que jovens formados pelo ensino t\u00e9cnico ter\u00e3o, ao longo da vida profissional,&nbsp;remunera\u00e7\u00e3o 32% maior que a&nbsp;de estudantes que cursaram ensino m\u00e9dio regular e n\u00e3o se formaram numa universidade. Professora do Instituto Federal de Bras\u00edlia (IFB) desde 2011, Giovanna Tedesco explica que o diploma do ensino t\u00e9cnico habilita o jovem a uma inicia\u00e7\u00e3o profissional com certifica\u00e7\u00e3o. Mas os benef\u00edcios desse tipo de forma\u00e7\u00e3o v\u00e3o al\u00e9m.&nbsp;<\/p>\n\n\n\n<p>\u201cOs institutos t\u00eam uma concep\u00e7\u00e3o que n\u00e3o \u00e9 apenas de forma\u00e7\u00e3o profissional, tamb\u00e9m \u00e9 uma forma\u00e7\u00e3o social, como cidad\u00e3o, nos relacionamentos, como se comportar em sociedade. E isso \u00e9 muito importante para a vida profissional da pessoa.\u201d<\/p>\n\n\n\n<h2 class=\"wp-block-heading\">Investimento lucrativo<\/h2>\n\n\n\n<p>Um c\u00e1lculo feito a partir da pesquisa mostra que para cada R$ 1 investido na educa\u00e7\u00e3o profissional de n\u00edvel m\u00e9dio, o estudante de ensino t\u00e9cnico tem retorno superior a R$ 3 na pr\u00f3pria remunera\u00e7\u00e3o. Sal\u00e1rios mais altos e chances de uma boa coloca\u00e7\u00e3o no mercado de trabalho:&nbsp;\u00e9 isso que mostra a pesquisa \u2014 as chances de quem sai formado&nbsp;pelo ensino t\u00e9cnico aumentam em 5% em rela\u00e7\u00e3o aos jovens que terminaram apenas o ensino fundamental.<\/p>\n\n\n\n<p>Para a senadora Professora Dorinha Rezende (UNI\u00c3O-TO), em muitas \u00e1reas \u2014 como na agronomia \u2014, um curso t\u00e9cnico&nbsp;muitas vezes&nbsp;capacita de forma integral o profissional.<\/p>\n\n\n\n<p>\u201cTem muita&nbsp;fun\u00e7\u00e3o que voc\u00ea n\u00e3o precisa ter curso superior. Voc\u00ea pode ter um curso t\u00e9cnico bem feito, que se mantenha atualizado e que tenha um reconhecimento salarial.\u201d&nbsp;<\/p>\n\n\n\n<p>Mas a parlamentar refor\u00e7a a import\u00e2ncia do ensino continuado. \u201cHoje, com as mudan\u00e7as tecnol\u00f3gicas, ningu\u00e9m est\u00e1 pronto. E a\u00ed \u00e9 preciso romper esse ciclo de que se formar no ensino t\u00e9cnico \u00e9 o fim. \u00c9 preciso continuar estudando sempre. Acabou essa ideia de que fez o curso t\u00e9cnico, acabou. \u00c9 preciso ter educa\u00e7\u00e3o permanente e atualiza\u00e7\u00e3o.\u201d&nbsp;<\/p>\n\n\n\n<h2 class=\"wp-block-heading\">O que dizem os empres\u00e1rios&nbsp;<\/h2>\n\n\n\n<p>Em 2023, o Servi\u00e7o Nacional de Aprendizagem Industrial (Senai) e o Servi\u00e7o Social da Ind\u00fastria (Sesi)&nbsp;ouviram 1.001 executivos de pequenas, m\u00e9dias e grandes ind\u00fastrias sobre a educa\u00e7\u00e3o no pa\u00eds. A pesquisa mostrou que o ensino t\u00e9cnico \u00e9 o ponto mais forte da educa\u00e7\u00e3o brasileira, para 1 em cada 3 empres\u00e1rios.<br>&nbsp;<\/p>\n\n\n\n<p>Fonte: <a href=\"https:\/\/brasil61.com\/n\/ensino-tecnico-jovens-qualificados-recebem-32-a-mais-pind234388\" target=\"_blank\" rel=\"noreferrer noopener\">Brasil 61<\/a><\/p>\n<input type=\"hidden\" id=\"baseurl\" value=\"https:\/\/noticiasregionais.com.br\"><input type=\"hidden\" id=\"audio_nonce\" value=\"9ddf44ba02\">","protected":false},"excerpt":{"rendered":"<p>Estudo mostra vantagem de alunos com ensino m\u00e9dio profissionalizante em rela\u00e7\u00e3o aos que sa\u00edram do ensino m\u00e9dio regular e n\u00e3o&hellip;<\/p>\n","protected":false},"author":1,"featured_media":1448,"comment_status":"closed","ping_status":"open","sticky":false,"template":"","format":"standard","meta":{"sfsi_plus_gutenberg_text_before_share":"","sfsi_plus_gutenberg_show_text_before_share":"","sfsi_plus_gutenberg_icon_type":"","sfsi_plus_gutenberg_icon_alignemt":"","sfsi_plus_gutenburg_max_per_row":"","footnotes":""},"categories":[8,10,1],"tags":[],"class_list":["post-1444","post","type-post","status-publish","format-standard","has-post-thumbnail","hentry","category-brasil","category-destaques","category-noticias"],"_links":{"self":[{"href":"https:\/\/noticiasregionais.com.br\/index.php?rest_route=\/wp\/v2\/posts\/1444","targetHints":{"allow":["GET"]}}],"collection":[{"href":"https:\/\/noticiasregionais.com.br\/index.php?rest_route=\/wp\/v2\/posts"}],"about":[{"href":"https:\/\/noticiasregionais.com.br\/index.php?rest_route=\/wp\/v2\/types\/post"}],"author":[{"embeddable":true,"href":"https:\/\/noticiasregionais.com.br\/index.php?rest_route=\/wp\/v2\/users\/1"}],"replies":[{"embeddable":true,"href":"https:\/\/noticiasregionais.com.br\/index.php?rest_route=%2Fwp%2Fv2%2Fcomments&post=1444"}],"version-history":[{"count":1,"href":"https:\/\/noticiasregionais.com.br\/index.php?rest_route=\/wp\/v2\/posts\/1444\/revisions"}],"predecessor-version":[{"id":1446,"href":"https:\/\/noticiasregionais.com.br\/index.php?rest_route=\/wp\/v2\/posts\/1444\/revisions\/1446"}],"wp:featuredmedia":[{"embeddable":true,"href":"https:\/\/noticiasregionais.com.br\/index.php?rest_route=\/wp\/v2\/media\/1448"}],"wp:attachment":[{"href":"https:\/\/noticiasregionais.com.br\/index.php?rest_route=%2Fwp%2Fv2%2Fmedia&parent=1444"}],"wp:term":[{"taxonomy":"category","embeddable":true,"href":"https:\/\/noticiasregionais.com.br\/index.php?rest_route=%2Fwp%2Fv2%2Fcategories&post=1444"},{"taxonomy":"post_tag","embeddable":true,"href":"https:\/\/noticiasregionais.com.br\/index.php?rest_route=%2Fwp%2Fv2%2Ftags&post=1444"}],"curies":[{"name":"wp","href":"https:\/\/api.w.org\/{rel}","templated":true}]}}