{"id":1449,"date":"2023-12-08T07:07:39","date_gmt":"2023-12-08T10:07:39","guid":{"rendered":"https:\/\/noticiasregionais.com.br\/?p=1449"},"modified":"2023-12-08T07:07:41","modified_gmt":"2023-12-08T10:07:41","slug":"maceio-regiao-da-mina-18-afunda-6-centimetros-em-24-horas","status":"publish","type":"post","link":"https:\/\/noticiasregionais.com.br\/?p=1449","title":{"rendered":"Macei\u00f3: regi\u00e3o da mina 18 afunda 6 cent\u00edmetros em 24 horas"},"content":{"rendered":"\n<p class=\"has-text-align-center\"><strong>Defesa Civil alerta que o risco de desabamento permanece<\/strong><\/p>\n\n\n\n<p>A Defesa Civil de Macei\u00f3 (AL) informou, nesta quinta-feira (7) que o afundamento acumulado do solo do bairro do Mutange, onde a Braskem extra\u00eda sal-gema,&nbsp;atingiu 1,99 metro&nbsp;e a velocidade do afundamento \u00e9 de 0,25 cent\u00edmetro (cm) por hora. O deslocamento vertical&nbsp;apresentando&nbsp;nas 24 horas anteriores ao relat\u00f3rio foi de 6 cm. &nbsp;<img decoding=\"async\" src=\"https:\/\/agenciabrasil.ebc.com.br\/ebc.png?id=1571183&amp;o=node\"><img decoding=\"async\" src=\"https:\/\/agenciabrasil.ebc.com.br\/ebc.gif?id=1571183&amp;o=node\"><\/p>\n\n\n\n<p>Diante da situa\u00e7\u00e3o, o \u00f3rg\u00e3o da prefeitura municipal alerta que permanece o risco de colapso (desabamento) do terreno acima da mina 18 da Braskem.&nbsp;<\/p>\n\n\n\n<p>T\u00e9cnicos do Minist\u00e9rio de Minas e Energia (MME), do Servi\u00e7o Geol\u00f3gico do Brasil (SGB) e da Ag\u00eancia Nacional de Minera\u00e7\u00e3o (ANM), que comp\u00f5em a sala de situa\u00e7\u00e3o do governo federal, tamb\u00e9m est\u00e3o na capital alagoana para an\u00e1lises di\u00e1rias&nbsp;a partir dos dados s\u00edsmicos da \u00e1rea afetada obtidos pelas Defesas Civis estadual e municipal e pela petroqu\u00edmica Braskem, que acompanham o local em tempo integral.&nbsp;<\/p>\n\n\n\n<p>No&nbsp;<a href=\"https:\/\/www.gov.br\/mme\/pt-br\/assuntos\/noticias\/6.12.2023_RelatoCC81rio20Sala20de20SituacCCA7aCC83o.pdf.pdf\" target=\"_blank\" rel=\"noreferrer noopener\">relat\u00f3rio mais recente<\/a>, os especialistas da sala de situa\u00e7\u00e3o avaliam&nbsp;que o \u201cquadro de instabilidade geol\u00f3gica em Macei\u00f3 (AL) est\u00e1 em acomoda\u00e7\u00e3o\u201d e que est\u00e1 melhorando diariamente. No entanto, a Sala de Situa\u00e7\u00e3o recomenda cautela m\u00e1xima na regi\u00e3o e monitoramento integral.&nbsp;<\/p>\n\n\n\n<p>Por precau\u00e7\u00e3o, a recomenda\u00e7\u00e3o da Defesa Civil de Macei\u00f3 \u00e9 para que a popula\u00e7\u00e3o n\u00e3o transite na \u00e1rea desocupada at\u00e9 uma nova orienta\u00e7\u00e3o do \u00f3rg\u00e3o, que deve vir\u00a0ap\u00f3s a ado\u00e7\u00e3o de medidas de controle e monitoramento para reduzir o perigo da regi\u00e3o.\u00a0<\/p>\n\n\n\n<p><strong><sub>fonte: Ag\u00eancia Brasil &#8211; EBC<\/sub><\/strong><\/p>\n<input type=\"hidden\" id=\"baseurl\" value=\"https:\/\/noticiasregionais.com.br\"><input type=\"hidden\" id=\"audio_nonce\" value=\"9ddf44ba02\">","protected":false},"excerpt":{"rendered":"<p>Defesa Civil alerta que o risco de desabamento permanece A Defesa Civil de Macei\u00f3 (AL) informou, nesta quinta-feira (7) que&hellip;<\/p>\n","protected":false},"author":1,"featured_media":1450,"comment_status":"closed","ping_status":"open","sticky":false,"template":"","format":"standard","meta":{"sfsi_plus_gutenberg_text_before_share":"","sfsi_plus_gutenberg_show_text_before_share":"","sfsi_plus_gutenberg_icon_type":"","sfsi_plus_gutenberg_icon_alignemt":"","sfsi_plus_gutenburg_max_per_row":"","footnotes":""},"categories":[8,12,1],"tags":[],"class_list":["post-1449","post","type-post","status-publish","format-standard","has-post-thumbnail","hentry","category-brasil","category-capa","category-noticias"],"_links":{"self":[{"href":"https:\/\/noticiasregionais.com.br\/index.php?rest_route=\/wp\/v2\/posts\/1449","targetHints":{"allow":["GET"]}}],"collection":[{"href":"https:\/\/noticiasregionais.com.br\/index.php?rest_route=\/wp\/v2\/posts"}],"about":[{"href":"https:\/\/noticiasregionais.com.br\/index.php?rest_route=\/wp\/v2\/types\/post"}],"author":[{"embeddable":true,"href":"https:\/\/noticiasregionais.com.br\/index.php?rest_route=\/wp\/v2\/users\/1"}],"replies":[{"embeddable":true,"href":"https:\/\/noticiasregionais.com.br\/index.php?rest_route=%2Fwp%2Fv2%2Fcomments&post=1449"}],"version-history":[{"count":1,"href":"https:\/\/noticiasregionais.com.br\/index.php?rest_route=\/wp\/v2\/posts\/1449\/revisions"}],"predecessor-version":[{"id":1451,"href":"https:\/\/noticiasregionais.com.br\/index.php?rest_route=\/wp\/v2\/posts\/1449\/revisions\/1451"}],"wp:featuredmedia":[{"embeddable":true,"href":"https:\/\/noticiasregionais.com.br\/index.php?rest_route=\/wp\/v2\/media\/1450"}],"wp:attachment":[{"href":"https:\/\/noticiasregionais.com.br\/index.php?rest_route=%2Fwp%2Fv2%2Fmedia&parent=1449"}],"wp:term":[{"taxonomy":"category","embeddable":true,"href":"https:\/\/noticiasregionais.com.br\/index.php?rest_route=%2Fwp%2Fv2%2Fcategories&post=1449"},{"taxonomy":"post_tag","embeddable":true,"href":"https:\/\/noticiasregionais.com.br\/index.php?rest_route=%2Fwp%2Fv2%2Ftags&post=1449"}],"curies":[{"name":"wp","href":"https:\/\/api.w.org\/{rel}","templated":true}]}}