{"id":1452,"date":"2023-12-09T19:06:45","date_gmt":"2023-12-09T22:06:45","guid":{"rendered":"https:\/\/noticiasregionais.com.br\/?p=1452"},"modified":"2023-12-09T19:06:57","modified_gmt":"2023-12-09T22:06:57","slug":"intervencao-inoportuna-no-calcadao-em-pleno-sabado-gera-transtornos-em-data-importante","status":"publish","type":"post","link":"https:\/\/noticiasregionais.com.br\/?p=1452","title":{"rendered":"Interven\u00e7\u00e3o inoportuna no cal\u00e7ad\u00e3o, em pleno s\u00e1bado, gera transtornos em data importante"},"content":{"rendered":"\n<p class=\"has-text-align-center\"><strong>No primeiro s\u00e1bado de dezembro ap\u00f3s o 5\u00ba dia \u00fatil, a Prefeitura de Ourinhos interditou parte do cal\u00e7ad\u00e3o para fazer pintura e os comerciantes desaprovaram a a\u00e7\u00e3o.<\/strong><\/p>\n\n\n\n<p>Muitos comerciantes entraram em contato com a ACE para informar e protestar contra a a\u00e7\u00e3o da Prefeitura, que acabou prejudicando as vendas.<\/p>\n\n\n\n<p>\u201cS\u00e3o situa\u00e7\u00f5es muito complicadas, pois deveria haver um melhor planejamento do poder p\u00fablico. Pintura pode ser feita \u00e0 noite, em hor\u00e1rio alternativo, n\u00e3o em pleno s\u00e1bado de pico de movimento\u201d, ressaltou o presidente da ACE Ourinhos, Robson Martuchi.<\/p>\n\n\n\n<p>O presidente contou que, recentemente, na v\u00e9spera do feriado de Dia das Crian\u00e7as, os comerciantes tamb\u00e9m foram pegos de surpresa com a\u00e7\u00f5es da Prefeitura. \u201cNo dia 11 de outubro, v\u00e9spera de Dia das Crian\u00e7as, uma data importante para o com\u00e9rcio, que inclusive iria funcionar at\u00e9 as 22 horas, a Prefeitura resolve fechar v\u00e1rias ruas do centro para fazer recape. Protocolamos na hora pedido para que a obra parasse e a resposta que tivemos foi que a empresa contratada tinha feito o planejamento errado\u201d.<\/p>\n\n\n\n<p>S\u00e3o poucas e fixas as datas de pico de vendas durante o ano e acontecimentos como esses, impactam negativamente os comerciantes. \u201cObra de asfalto bloqueando ruas, pintura do cal\u00e7ad\u00e3o bloqueando a circula\u00e7\u00e3o de consumidores s\u00e3o exemplos de a\u00e7\u00f5es da Prefeitura em total desfavor da categoria produtiva que mais gera emprego em Ourinhos. Aguardamos provid\u00eancias efetivas, planejadas e que parem de prejudicar o com\u00e9rcio\u201d.<\/p>\n\n\n\n<p>Outra quest\u00e3o bastante criticada pelos comerciantes \u00e9 a instala\u00e7\u00e3o de uma ciclovia no meio do cal\u00e7ad\u00e3o. \u201cJ\u00e1 tivemos den\u00fancias de comerciantes relatando a imin\u00eancia de acidentes com crian\u00e7as que estavam andando pelo cal\u00e7ad\u00e3o e bicicletas quase atropelando. Cal\u00e7ad\u00e3o \u00e9 lugar de grande circula\u00e7\u00e3o de pessoas de todas as idades, como \u00e9 que colocam uma ciclovia no meio?\u201d, finalizou Martuchi.<\/p>\n\n\n\n<p><strong><sub>fonte: Assessoria de Comunica\u00e7\u00e3o da ACE Ourinhos<\/sub><\/strong><\/p>\n<input type=\"hidden\" id=\"baseurl\" value=\"https:\/\/noticiasregionais.com.br\"><input type=\"hidden\" id=\"audio_nonce\" value=\"533fbb67b1\">","protected":false},"excerpt":{"rendered":"<p>No primeiro s\u00e1bado de dezembro ap\u00f3s o 5\u00ba dia \u00fatil, a Prefeitura de Ourinhos interditou parte do cal\u00e7ad\u00e3o para fazer&hellip;<\/p>\n","protected":false},"author":1,"featured_media":1454,"comment_status":"closed","ping_status":"open","sticky":false,"template":"","format":"standard","meta":{"sfsi_plus_gutenberg_text_before_share":"","sfsi_plus_gutenberg_show_text_before_share":"","sfsi_plus_gutenberg_icon_type":"","sfsi_plus_gutenberg_icon_alignemt":"","sfsi_plus_gutenburg_max_per_row":"","footnotes":""},"categories":[5,12,1],"tags":[],"class_list":["post-1452","post","type-post","status-publish","format-standard","has-post-thumbnail","hentry","category-ourinhos","category-capa","category-noticias"],"_links":{"self":[{"href":"https:\/\/noticiasregionais.com.br\/index.php?rest_route=\/wp\/v2\/posts\/1452","targetHints":{"allow":["GET"]}}],"collection":[{"href":"https:\/\/noticiasregionais.com.br\/index.php?rest_route=\/wp\/v2\/posts"}],"about":[{"href":"https:\/\/noticiasregionais.com.br\/index.php?rest_route=\/wp\/v2\/types\/post"}],"author":[{"embeddable":true,"href":"https:\/\/noticiasregionais.com.br\/index.php?rest_route=\/wp\/v2\/users\/1"}],"replies":[{"embeddable":true,"href":"https:\/\/noticiasregionais.com.br\/index.php?rest_route=%2Fwp%2Fv2%2Fcomments&post=1452"}],"version-history":[{"count":1,"href":"https:\/\/noticiasregionais.com.br\/index.php?rest_route=\/wp\/v2\/posts\/1452\/revisions"}],"predecessor-version":[{"id":1455,"href":"https:\/\/noticiasregionais.com.br\/index.php?rest_route=\/wp\/v2\/posts\/1452\/revisions\/1455"}],"wp:featuredmedia":[{"embeddable":true,"href":"https:\/\/noticiasregionais.com.br\/index.php?rest_route=\/wp\/v2\/media\/1454"}],"wp:attachment":[{"href":"https:\/\/noticiasregionais.com.br\/index.php?rest_route=%2Fwp%2Fv2%2Fmedia&parent=1452"}],"wp:term":[{"taxonomy":"category","embeddable":true,"href":"https:\/\/noticiasregionais.com.br\/index.php?rest_route=%2Fwp%2Fv2%2Fcategories&post=1452"},{"taxonomy":"post_tag","embeddable":true,"href":"https:\/\/noticiasregionais.com.br\/index.php?rest_route=%2Fwp%2Fv2%2Ftags&post=1452"}],"curies":[{"name":"wp","href":"https:\/\/api.w.org\/{rel}","templated":true}]}}