{"id":1456,"date":"2023-12-09T19:25:32","date_gmt":"2023-12-09T22:25:32","guid":{"rendered":"https:\/\/noticiasregionais.com.br\/?p=1456"},"modified":"2023-12-09T19:25:44","modified_gmt":"2023-12-09T22:25:44","slug":"pre-recupera-veiculos-furtados-e-prende-dois-criminosos-em-operacao-na-raposo-tavares","status":"publish","type":"post","link":"https:\/\/noticiasregionais.com.br\/?p=1456","title":{"rendered":"PRE recupera ve\u00edculos furtados e prende dois criminosos em opera\u00e7\u00e3o na Raposo Tavares"},"content":{"rendered":"\n<p>Em uma opera\u00e7\u00e3o denominada Impacto, realizada pela Pol\u00edcia Militar Rodovi\u00e1ria no final da tarde de ontem, dois ve\u00edculos furtados foram recuperados e seus respectivos motoristas presos. A a\u00e7\u00e3o ocorreu na Rodovia Raposo Tavares, SP-270, Km 428, regi\u00e3o oeste de C\u00e2ndido Mota, interior de S\u00e3o Paulo.<\/p>\n\n\n\n<p>Durante a opera\u00e7\u00e3o, policiais militares do 1\u00ba Pelot\u00e3o do 2\u00ba Batalh\u00e3o de Pol\u00edcia Militar Rodovi\u00e1ria abordaram um ve\u00edculo Nissan March 105, de cor cinza e com placas de S\u00e3o Carlos\/SP, que estava se deslocando de S\u00e3o Carlos em dire\u00e7\u00e3o \u00e0 cidade paraguaia de Pedro Juan Caballero. O motorista, um homem de 26 anos, natural de S\u00e3o Carlos\/SP, levantou suspeitas devido ao seu comportamento nervoso e respostas desconexas durante a entrevista.<\/p>\n\n\n\n<p>Diante da fundada suspeita, os policiais realizaram uma vistoria minuciosa no ve\u00edculo, descobrindo que o mesmo era produto de furto. O condutor confessou que receberia R$ 1.000,00 para transportar o ve\u00edculo at\u00e9 o Paraguai. Al\u00e9m disso, revelou que um amigo estava viajando junto com ele em um segundo ve\u00edculo, um Renault\/Logan preto, tamb\u00e9m furtado, com placas de Cosm\u00f3polis\/SP.<\/p>\n\n\n\n<p>As equipes da Pol\u00edcia Militar Rodovi\u00e1ria iniciaram ent\u00e3o um patrulhamento ostensivo pela rodovia Raposo Tavares e imedia\u00e7\u00f5es, resultando na abordagem do segundo ve\u00edculo pela SP-270, Km 461 Leste, em Maraca\u00ed\/SP. O motorista, um homem de 24 anos, natural de S\u00e3o Carlos\/SP, confessou ter furtado ambos os ve\u00edculos e planejava lev\u00e1-los at\u00e9 Ponta Por\u00e3\/MS para venda.<\/p>\n\n\n\n<p>Durante a vistoria no Renault\/Logan, constatou-se que o ve\u00edculo era produto de furto qualificado e ostentava placas de outro ve\u00edculo, caracterizando adultera\u00e7\u00e3o. Diante dos fatos, ambos os infratores receberam voz de pris\u00e3o em flagrante delito pelos crimes de furto qualificado e adultera\u00e7\u00e3o de ve\u00edculo automotor.<\/p>\n\n\n\n<p>Os dois indiv\u00edduos, juntamente com os ve\u00edculos recuperados, foram encaminhados para a Central de Pol\u00edcia Judici\u00e1ria de Assis\/SP, onde permanecem \u00e0 disposi\u00e7\u00e3o da Justi\u00e7a. <\/p>\n\n\n\n<figure class=\"wp-block-gallery has-nested-images columns-default is-cropped wp-block-gallery-1 is-layout-flex wp-block-gallery-is-layout-flex\">\n<figure class=\"wp-block-image size-thumbnail\"><a href=\"https:\/\/noticiasregionais.com.br\/wp-content\/uploads\/2023\/12\/2-veiculos-furtados-e-recuperados.jpg\"><img decoding=\"async\" width=\"150\" height=\"150\" data-id=\"1459\" src=\"https:\/\/noticiasregionais.com.br\/wp-content\/uploads\/2023\/12\/2-veiculos-furtados-e-recuperados-150x150.jpg\" alt=\"\" class=\"wp-image-1459\"\/><\/a><\/figure>\n\n\n\n<figure class=\"wp-block-image size-thumbnail\"><a href=\"https:\/\/noticiasregionais.com.br\/wp-content\/uploads\/2023\/12\/Logan.jpg\"><img decoding=\"async\" width=\"150\" height=\"150\" data-id=\"1458\" src=\"https:\/\/noticiasregionais.com.br\/wp-content\/uploads\/2023\/12\/Logan-150x150.jpg\" alt=\"\" class=\"wp-image-1458\"\/><\/a><\/figure>\n\n\n\n<figure class=\"wp-block-image size-thumbnail\"><a href=\"https:\/\/noticiasregionais.com.br\/wp-content\/uploads\/2023\/12\/Nissan-March-furtado.jpg\"><img decoding=\"async\" width=\"150\" height=\"150\" data-id=\"1457\" src=\"https:\/\/noticiasregionais.com.br\/wp-content\/uploads\/2023\/12\/Nissan-March-furtado-150x150.jpg\" alt=\"\" class=\"wp-image-1457\"\/><\/a><\/figure>\n<\/figure>\n<input type=\"hidden\" id=\"baseurl\" value=\"https:\/\/noticiasregionais.com.br\"><input type=\"hidden\" id=\"audio_nonce\" value=\"533fbb67b1\">","protected":false},"excerpt":{"rendered":"<p>Em uma opera\u00e7\u00e3o denominada Impacto, realizada pela Pol\u00edcia Militar Rodovi\u00e1ria no final da tarde de ontem, dois ve\u00edculos furtados foram&hellip;<\/p>\n","protected":false},"author":1,"featured_media":1460,"comment_status":"closed","ping_status":"open","sticky":false,"template":"","format":"standard","meta":{"sfsi_plus_gutenberg_text_before_share":"","sfsi_plus_gutenberg_show_text_before_share":"","sfsi_plus_gutenberg_icon_type":"","sfsi_plus_gutenberg_icon_alignemt":"","sfsi_plus_gutenburg_max_per_row":"","footnotes":""},"categories":[6,10,1],"tags":[],"class_list":["post-1456","post","type-post","status-publish","format-standard","has-post-thumbnail","hentry","category-sao_paulo","category-destaques","category-noticias"],"_links":{"self":[{"href":"https:\/\/noticiasregionais.com.br\/index.php?rest_route=\/wp\/v2\/posts\/1456","targetHints":{"allow":["GET"]}}],"collection":[{"href":"https:\/\/noticiasregionais.com.br\/index.php?rest_route=\/wp\/v2\/posts"}],"about":[{"href":"https:\/\/noticiasregionais.com.br\/index.php?rest_route=\/wp\/v2\/types\/post"}],"author":[{"embeddable":true,"href":"https:\/\/noticiasregionais.com.br\/index.php?rest_route=\/wp\/v2\/users\/1"}],"replies":[{"embeddable":true,"href":"https:\/\/noticiasregionais.com.br\/index.php?rest_route=%2Fwp%2Fv2%2Fcomments&post=1456"}],"version-history":[{"count":1,"href":"https:\/\/noticiasregionais.com.br\/index.php?rest_route=\/wp\/v2\/posts\/1456\/revisions"}],"predecessor-version":[{"id":1461,"href":"https:\/\/noticiasregionais.com.br\/index.php?rest_route=\/wp\/v2\/posts\/1456\/revisions\/1461"}],"wp:featuredmedia":[{"embeddable":true,"href":"https:\/\/noticiasregionais.com.br\/index.php?rest_route=\/wp\/v2\/media\/1460"}],"wp:attachment":[{"href":"https:\/\/noticiasregionais.com.br\/index.php?rest_route=%2Fwp%2Fv2%2Fmedia&parent=1456"}],"wp:term":[{"taxonomy":"category","embeddable":true,"href":"https:\/\/noticiasregionais.com.br\/index.php?rest_route=%2Fwp%2Fv2%2Fcategories&post=1456"},{"taxonomy":"post_tag","embeddable":true,"href":"https:\/\/noticiasregionais.com.br\/index.php?rest_route=%2Fwp%2Fv2%2Ftags&post=1456"}],"curies":[{"name":"wp","href":"https:\/\/api.w.org\/{rel}","templated":true}]}}