{"id":1465,"date":"2023-12-11T07:29:14","date_gmt":"2023-12-11T10:29:14","guid":{"rendered":"https:\/\/noticiasregionais.com.br\/?p=1465"},"modified":"2023-12-11T07:29:25","modified_gmt":"2023-12-11T10:29:25","slug":"tratamento-inovador-contra-avc-e-realizado-no-hc-de-botucatu-apenas-12-hospitais-no-pais-fazem-o-procedimento","status":"publish","type":"post","link":"https:\/\/noticiasregionais.com.br\/?p=1465","title":{"rendered":"Tratamento inovador contra AVC \u00e9 realizado no HC de Botucatu. Apenas 12 hospitais no pa\u00eds fazem o procedimento"},"content":{"rendered":"\n<p class=\"has-text-align-center\"><strong>Cirurgia minimamente invasiva que consiste na cateteriza\u00e7\u00e3o das art\u00e9rias cerebrais, com o objetivo de desentupir ou retirar um co\u00e1gulo que obstrui a art\u00e9ria \u00e9 conhecida como Trombectomia.<\/strong><\/p>\n\n\n\n<p>O Hospital das Cl\u00ednicas (HC) de Botucatu (SP) \u00e9 um dos 12 hospitais do Brasil habilitados a realizar a trombectomia mec\u00e2nica para tratamento de Acidente Vascular Cerebral Isqu\u00eamico (AVCi), pelo Sistema \u00danico de Sa\u00fade (SUS).<\/p>\n\n\n\n<p>O procedimento, consolidado em estudos internacionais, \u00e9 uma cirurgia minimamente invasiva que consiste na cateteriza\u00e7\u00e3o das art\u00e9rias cerebrais, com o objetivo de desentupir ou retirar um co\u00e1gulo que obstrui a art\u00e9ria no momento dos sintomas do AVC.<\/p>\n\n\n\n<p>O tratamento \u00e9 recomendado para o AVC isqu\u00eamico, quando um vaso no c\u00e9rebro \u00e9 obstru\u00eddo por um co\u00e1gulo. Segundo o Minist\u00e9rio da Sa\u00fade, esse tipo de derrame equivale a 80% de todos os AVCs.<\/p>\n\n\n\n<p>Uma pesquisa da Rede Nacional de Pesquisa em AVC, publicada em 2020 na \u2018New England Journal of Medicine\u2019, evidenciou \u00f3timos resultados de redu\u00e7\u00e3o da mortalidade e de diminui\u00e7\u00e3o de sequelas por AVC isqu\u00eamico, aumentando em tr\u00eas vezes a chance de o paciente ser independente e na recupera\u00e7\u00e3o de sua capacidade funcional (motora e mem\u00f3ria), al\u00e9m de demonstrar a efic\u00e1cia e seguran\u00e7a do tratamento na retirada de co\u00e1gulos que podem evoluir para quadros graves.<\/p>\n\n\n<div class=\"wp-block-image\">\n<figure class=\"aligncenter size-full\"><img decoding=\"async\" width=\"984\" height=\"656\" src=\"https:\/\/noticiasregionais.com.br\/wp-content\/uploads\/2023\/12\/hc-avc2.webp\" alt=\"\" class=\"wp-image-1467\" srcset=\"https:\/\/noticiasregionais.com.br\/wp-content\/uploads\/2023\/12\/hc-avc2.webp 984w, https:\/\/noticiasregionais.com.br\/wp-content\/uploads\/2023\/12\/hc-avc2-300x200.webp 300w, https:\/\/noticiasregionais.com.br\/wp-content\/uploads\/2023\/12\/hc-avc2-768x512.webp 768w\" sizes=\"(max-width: 984px) 100vw, 984px\" \/><\/figure>\n<\/div>\n\n\n<p>Para o m\u00e9dico neurologista e coordenador da Unidade de AVC do HC de Botucatu, Rodrigo Bazan, esse \u00e9 um passo fundamental para os pacientes, que at\u00e9 ent\u00e3o s\u00f3 contavam com uma terapia cl\u00ednica dispon\u00edvel na rede p\u00fablica, a tromb\u00f3lise \u2013 um procedimento que utiliza medica\u00e7\u00e3o para dissolver o co\u00e1gulo.<\/p>\n\n\n\n<blockquote class=\"wp-block-quote is-layout-flow wp-block-quote-is-layout-flow\">\n<p>\u201cMesmo sendo mais f\u00e1cil de aplicar, nem sempre a tromb\u00f3lise \u00e9 o tratamento mais indicado. Quando os vasos s\u00e3o muito grandes, por exemplo, o medicamento n\u00e3o consegue transpassar o suficiente para dissolver o co\u00e1gulo. J\u00e1 a trombectomia mec\u00e2nica \u00e9 mais eficiente: com ela, o paciente tem menos sequelas, passa menos tempo na UTI, sai mais r\u00e1pido do hospital e reinterna menos\u201d, explica.<br><\/p>\n<\/blockquote>\n\n\n\n<p>O resultado da habilita\u00e7\u00e3o vem da participa\u00e7\u00e3o do HC de Botucatu no estudo cl\u00ednico \u201cResilient\u201d, realizado j\u00e1 alguns anos, que teve o objetivo de estudar 600 pacientes de todo o pa\u00eds v\u00edtimas de AVC isqu\u00eamico nas primeiras seis horas do in\u00edcio dos sintomas.<\/p>\n\n\n\n<p>O estudo envolveu unidades nacionais que atuam com pacientes v\u00edtimas de AVC isqu\u00eamico, dentre elas a Unidade de AVC do HC de Botucatu em parceria com a Unidade de Pesquisa Cl\u00ednica (Upeclin) da FMB.<\/p>\n\n\n\n<p>A Unidade de AVC \u00e9 refer\u00eancia estadual no atendimento de casos graves de AVC. O servi\u00e7o \u00e9 credenciado como n\u00edvel IV, patamar alcan\u00e7ado apenas por cinco centros de refer\u00eancia em todo o Brasil.<\/p>\n\n\n<div class=\"wp-block-image\">\n<figure class=\"aligncenter size-full\"><img decoding=\"async\" width=\"984\" height=\"656\" src=\"https:\/\/noticiasregionais.com.br\/wp-content\/uploads\/2023\/12\/hc-avc1.webp\" alt=\"\" class=\"wp-image-1466\" srcset=\"https:\/\/noticiasregionais.com.br\/wp-content\/uploads\/2023\/12\/hc-avc1.webp 984w, https:\/\/noticiasregionais.com.br\/wp-content\/uploads\/2023\/12\/hc-avc1-300x200.webp 300w, https:\/\/noticiasregionais.com.br\/wp-content\/uploads\/2023\/12\/hc-avc1-768x512.webp 768w\" sizes=\"(max-width: 984px) 100vw, 984px\" \/><\/figure>\n<\/div>\n\n\n<p><strong><sub>fonte: G1 Marilia e Bauru<\/sub><\/strong><\/p>\n<input type=\"hidden\" id=\"baseurl\" value=\"https:\/\/noticiasregionais.com.br\"><input type=\"hidden\" id=\"audio_nonce\" value=\"533fbb67b1\">","protected":false},"excerpt":{"rendered":"<p>Cirurgia minimamente invasiva que consiste na cateteriza\u00e7\u00e3o das art\u00e9rias cerebrais, com o objetivo de desentupir ou retirar um co\u00e1gulo que&hellip;<\/p>\n","protected":false},"author":1,"featured_media":1469,"comment_status":"closed","ping_status":"open","sticky":false,"template":"","format":"standard","meta":{"sfsi_plus_gutenberg_text_before_share":"","sfsi_plus_gutenberg_show_text_before_share":"","sfsi_plus_gutenberg_icon_type":"","sfsi_plus_gutenberg_icon_alignemt":"","sfsi_plus_gutenburg_max_per_row":"","footnotes":""},"categories":[6,10,1],"tags":[],"class_list":["post-1465","post","type-post","status-publish","format-standard","has-post-thumbnail","hentry","category-sao_paulo","category-destaques","category-noticias"],"_links":{"self":[{"href":"https:\/\/noticiasregionais.com.br\/index.php?rest_route=\/wp\/v2\/posts\/1465","targetHints":{"allow":["GET"]}}],"collection":[{"href":"https:\/\/noticiasregionais.com.br\/index.php?rest_route=\/wp\/v2\/posts"}],"about":[{"href":"https:\/\/noticiasregionais.com.br\/index.php?rest_route=\/wp\/v2\/types\/post"}],"author":[{"embeddable":true,"href":"https:\/\/noticiasregionais.com.br\/index.php?rest_route=\/wp\/v2\/users\/1"}],"replies":[{"embeddable":true,"href":"https:\/\/noticiasregionais.com.br\/index.php?rest_route=%2Fwp%2Fv2%2Fcomments&post=1465"}],"version-history":[{"count":1,"href":"https:\/\/noticiasregionais.com.br\/index.php?rest_route=\/wp\/v2\/posts\/1465\/revisions"}],"predecessor-version":[{"id":1470,"href":"https:\/\/noticiasregionais.com.br\/index.php?rest_route=\/wp\/v2\/posts\/1465\/revisions\/1470"}],"wp:featuredmedia":[{"embeddable":true,"href":"https:\/\/noticiasregionais.com.br\/index.php?rest_route=\/wp\/v2\/media\/1469"}],"wp:attachment":[{"href":"https:\/\/noticiasregionais.com.br\/index.php?rest_route=%2Fwp%2Fv2%2Fmedia&parent=1465"}],"wp:term":[{"taxonomy":"category","embeddable":true,"href":"https:\/\/noticiasregionais.com.br\/index.php?rest_route=%2Fwp%2Fv2%2Fcategories&post=1465"},{"taxonomy":"post_tag","embeddable":true,"href":"https:\/\/noticiasregionais.com.br\/index.php?rest_route=%2Fwp%2Fv2%2Ftags&post=1465"}],"curies":[{"name":"wp","href":"https:\/\/api.w.org\/{rel}","templated":true}]}}