{"id":1471,"date":"2023-12-11T07:58:45","date_gmt":"2023-12-11T10:58:45","guid":{"rendered":"https:\/\/noticiasregionais.com.br\/?p=1471"},"modified":"2023-12-11T08:00:59","modified_gmt":"2023-12-11T11:00:59","slug":"prefeito-divulga-reforma-do-calcadao-mas-nao-justifica-momento-inoportuno-aos-comerciantes","status":"publish","type":"post","link":"https:\/\/noticiasregionais.com.br\/?p=1471","title":{"rendered":"Prefeito divulga reforma do cal\u00e7ad\u00e3o, mas n\u00e3o justifica momento inoportuno aos comerciantes"},"content":{"rendered":"\n<p class=\"has-text-align-center\"><strong>Uma iniciativa esperada por todos, mas executada em uma hora muito impr\u00f3pria, gerando grandes transtornos ao com\u00e9rcio do local<\/strong><\/p>\n\n\n\n<p>As 16 horas do Domingo, 10 de Dezembro, o Prefeito Municipal Lucas Pocay Alves da Silva publicou em seu Instagram uma mensagem sobre a reforma do cal\u00e7ad\u00e3o. Segue publica\u00e7\u00e3o:<br><\/p>\n\n\n\n<blockquote class=\"wp-block-quote is-layout-flow wp-block-quote-is-layout-flow\">\n<p>Estamos dando vida nova ao cora\u00e7\u00e3o do nosso com\u00e9rcio!\ud83c\udfa8\ud83c\udf3f\ud83d\udca1<br>https:\/\/www.instagram.com\/p\/C0rt6TjuL5P\/?igshid=MzRlODBiNWFlZA==<\/p>\n\n\n\n<p>\u00c9 com imenso prazer que compartilho com voc\u00eas a transforma\u00e7\u00e3o do nosso cal\u00e7ad\u00e3o. A revitaliza\u00e7\u00e3o est\u00e1 a todo vapor: com uma nova ilumina\u00e7\u00e3o, trazendo mais seguran\u00e7a e beleza, uma pintura vibrante que reflete a energia de Ourinhos e um paisagismo pensado para criar um ambiente acolhedor para todos, al\u00e9m de uma ciclovia que dar\u00e1 mais mobilidade e dinamismo ao com\u00e9rcio.<\/p>\n\n\n\n<p>As festas de fim de ano est\u00e3o chegando, e queremos que nosso com\u00e9rcio local seja um ponto de encontro para as fam\u00edlias, onde todos possam desfrutar de um espa\u00e7o moderno e convidativo. Essas melhorias s\u00e3o para voc\u00eas, moradores e comerciantes, que fazem de Ourinhos um lugar especial para viver e trabalhar.<\/p>\n\n\n\n<p>Convido cada um de voc\u00eas a visitar o cal\u00e7ad\u00e3o, apoiar nossos neg\u00f3cios locais e ver em primeira m\u00e3o as mudan\u00e7as que estamos implementando. Juntos, estamos criando uma cidade mais bonita e pr\u00f3spera!<\/p>\n\n\n\n<p>Venham ver como Ourinhos est\u00e1 ficando ainda mais linda!<\/p>\n\n\n\n<h1 class=\"wp-block-heading\">OurinhosRenovada #Cal\u00e7ad\u00e3oOurinhos #Com\u00e9rcioLocal #FimDeAnoEmOurinhos #CidadeLuz<\/h1>\n<\/blockquote>\n\n\n\n<p>Conforme j\u00e1 retratado em mat\u00e9ria anterior pelo NOTICIAS REGIONAIS, a bela iniciativa acabou criticada por grande parte dos empres\u00e1rios do local, por ter sido executada no primeiro s\u00e1bado do m\u00eas ap\u00f3s o 5\u00ba dia \u00fatil, data que concentra grande parte das vendas e que faz o centro comercial de Ourinhos ficar repleto de consumidores. As queixas dos comerciantes foram registradas pela Associa\u00e7\u00e3o Comercial e Empresarial de Ourinhos, que partiu em defesa dos associados.<br><br>Relembre a mat\u00e9ria: <strong><a href=\"https:\/\/noticiasregionais.com.br\/?p=1452\" target=\"_blank\" rel=\"noreferrer noopener\">https:\/\/noticiasregionais.com.br\/?p=1452<\/a><\/strong><\/p>\n<input type=\"hidden\" id=\"baseurl\" value=\"https:\/\/noticiasregionais.com.br\"><input type=\"hidden\" id=\"audio_nonce\" value=\"533fbb67b1\">","protected":false},"excerpt":{"rendered":"<p>Uma iniciativa esperada por todos, mas executada em uma hora muito impr\u00f3pria, gerando grandes transtornos ao com\u00e9rcio do local As&hellip;<\/p>\n","protected":false},"author":1,"featured_media":1472,"comment_status":"closed","ping_status":"open","sticky":false,"template":"","format":"standard","meta":{"sfsi_plus_gutenberg_text_before_share":"","sfsi_plus_gutenberg_show_text_before_share":"","sfsi_plus_gutenberg_icon_type":"","sfsi_plus_gutenberg_icon_alignemt":"","sfsi_plus_gutenburg_max_per_row":"","footnotes":""},"categories":[5,12,1],"tags":[],"class_list":["post-1471","post","type-post","status-publish","format-standard","has-post-thumbnail","hentry","category-ourinhos","category-capa","category-noticias"],"_links":{"self":[{"href":"https:\/\/noticiasregionais.com.br\/index.php?rest_route=\/wp\/v2\/posts\/1471","targetHints":{"allow":["GET"]}}],"collection":[{"href":"https:\/\/noticiasregionais.com.br\/index.php?rest_route=\/wp\/v2\/posts"}],"about":[{"href":"https:\/\/noticiasregionais.com.br\/index.php?rest_route=\/wp\/v2\/types\/post"}],"author":[{"embeddable":true,"href":"https:\/\/noticiasregionais.com.br\/index.php?rest_route=\/wp\/v2\/users\/1"}],"replies":[{"embeddable":true,"href":"https:\/\/noticiasregionais.com.br\/index.php?rest_route=%2Fwp%2Fv2%2Fcomments&post=1471"}],"version-history":[{"count":3,"href":"https:\/\/noticiasregionais.com.br\/index.php?rest_route=\/wp\/v2\/posts\/1471\/revisions"}],"predecessor-version":[{"id":1475,"href":"https:\/\/noticiasregionais.com.br\/index.php?rest_route=\/wp\/v2\/posts\/1471\/revisions\/1475"}],"wp:featuredmedia":[{"embeddable":true,"href":"https:\/\/noticiasregionais.com.br\/index.php?rest_route=\/wp\/v2\/media\/1472"}],"wp:attachment":[{"href":"https:\/\/noticiasregionais.com.br\/index.php?rest_route=%2Fwp%2Fv2%2Fmedia&parent=1471"}],"wp:term":[{"taxonomy":"category","embeddable":true,"href":"https:\/\/noticiasregionais.com.br\/index.php?rest_route=%2Fwp%2Fv2%2Fcategories&post=1471"},{"taxonomy":"post_tag","embeddable":true,"href":"https:\/\/noticiasregionais.com.br\/index.php?rest_route=%2Fwp%2Fv2%2Ftags&post=1471"}],"curies":[{"name":"wp","href":"https:\/\/api.w.org\/{rel}","templated":true}]}}