{"id":1476,"date":"2023-12-11T09:43:51","date_gmt":"2023-12-11T12:43:51","guid":{"rendered":"https:\/\/noticiasregionais.com.br\/?p=1476"},"modified":"2023-12-11T09:43:55","modified_gmt":"2023-12-11T12:43:55","slug":"prf-apreende-275780-kg-de-maconha-em-jacarezinho","status":"publish","type":"post","link":"https:\/\/noticiasregionais.com.br\/?p=1476","title":{"rendered":"PRF apreende 275,780 kg de maconha em Jacarezinho"},"content":{"rendered":"\n<p>Uma equipe da Pol\u00edcia Rodovi\u00e1ria Federal (PRF) apreendeu 275,780 kg de maconha em Jacarezinho, no Paran\u00e1, na noite de ontem (10). Duas mulheres, de 45 e 40 anos, foram presas.<\/p>\n\n\n\n<p>De acordo com a PRF, a equipe realizava rondas na BR-369, no km 1.0, quando deu sinal de parada para um ve\u00edculo Fiat\/Argo 1.0, cor prata, ocupado pelas duas mulheres. Ao conferir os documentos das ocupantes, foi poss\u00edvel sentir um forte odor de maconha vindo do interior do carro.<\/p>\n\n\n\n<p>A motorista foi ent\u00e3o solicitada a desembarcar do ve\u00edculo e abrir o porta-malas. No interior do carro, foram encontrados v\u00e1rios tabletes e fardos de subst\u00e2ncia, que pelas suas caracter\u00edsticas, trata-se da droga conhecida como maconha.<\/p>\n\n\n\n<p>Indagadas, as mulheres disseram que foram visitar uma tia no Estado do Paran\u00e1, pr\u00f3ximo de Gua\u00edra\/Pr. Elas afirmaram que uma pessoa desconhecida ofereceu R$ 5.000,00 para que elas levassem a droga at\u00e9 Sorocaba, em S\u00e3o Paulo.<\/p>\n\n\n\n<p>Realizada a contagem e pesagem, a droga apreendida totalizou 407 tabletes e 275,780 kg.<\/p>\n\n\n\n<p>As mulheres foram presas em flagrante pelos crimes de tr\u00e1fico de drogas e associa\u00e7\u00e3o ao tr\u00e1fico. Elas foram conduzidas \u00e0 Delegacia de Pol\u00edcia Civil de Jacarezinho, juntamente com a droga e o ve\u00edculo, para as provid\u00eancias legais.<\/p>\n\n\n\n<p>A droga apreendida tem alto valor de mercado e seria destinada \u00e0 venda no Estado de S\u00e3o Paulo. A pris\u00e3o das duas mulheres \u00e9 um importante resultado no combate ao tr\u00e1fico de drogas.<\/p>\n<input type=\"hidden\" id=\"baseurl\" value=\"https:\/\/noticiasregionais.com.br\"><input type=\"hidden\" id=\"audio_nonce\" value=\"533fbb67b1\">","protected":false},"excerpt":{"rendered":"<p>Uma equipe da Pol\u00edcia Rodovi\u00e1ria Federal (PRF) apreendeu 275,780 kg de maconha em Jacarezinho, no Paran\u00e1, na noite de ontem&hellip;<\/p>\n","protected":false},"author":1,"featured_media":1477,"comment_status":"closed","ping_status":"open","sticky":false,"template":"","format":"standard","meta":{"sfsi_plus_gutenberg_text_before_share":"","sfsi_plus_gutenberg_show_text_before_share":"","sfsi_plus_gutenberg_icon_type":"","sfsi_plus_gutenberg_icon_alignemt":"","sfsi_plus_gutenburg_max_per_row":"","footnotes":""},"categories":[7,10,1],"tags":[],"class_list":["post-1476","post","type-post","status-publish","format-standard","has-post-thumbnail","hentry","category-parana","category-destaques","category-noticias"],"_links":{"self":[{"href":"https:\/\/noticiasregionais.com.br\/index.php?rest_route=\/wp\/v2\/posts\/1476","targetHints":{"allow":["GET"]}}],"collection":[{"href":"https:\/\/noticiasregionais.com.br\/index.php?rest_route=\/wp\/v2\/posts"}],"about":[{"href":"https:\/\/noticiasregionais.com.br\/index.php?rest_route=\/wp\/v2\/types\/post"}],"author":[{"embeddable":true,"href":"https:\/\/noticiasregionais.com.br\/index.php?rest_route=\/wp\/v2\/users\/1"}],"replies":[{"embeddable":true,"href":"https:\/\/noticiasregionais.com.br\/index.php?rest_route=%2Fwp%2Fv2%2Fcomments&post=1476"}],"version-history":[{"count":1,"href":"https:\/\/noticiasregionais.com.br\/index.php?rest_route=\/wp\/v2\/posts\/1476\/revisions"}],"predecessor-version":[{"id":1478,"href":"https:\/\/noticiasregionais.com.br\/index.php?rest_route=\/wp\/v2\/posts\/1476\/revisions\/1478"}],"wp:featuredmedia":[{"embeddable":true,"href":"https:\/\/noticiasregionais.com.br\/index.php?rest_route=\/wp\/v2\/media\/1477"}],"wp:attachment":[{"href":"https:\/\/noticiasregionais.com.br\/index.php?rest_route=%2Fwp%2Fv2%2Fmedia&parent=1476"}],"wp:term":[{"taxonomy":"category","embeddable":true,"href":"https:\/\/noticiasregionais.com.br\/index.php?rest_route=%2Fwp%2Fv2%2Fcategories&post=1476"},{"taxonomy":"post_tag","embeddable":true,"href":"https:\/\/noticiasregionais.com.br\/index.php?rest_route=%2Fwp%2Fv2%2Ftags&post=1476"}],"curies":[{"name":"wp","href":"https:\/\/api.w.org\/{rel}","templated":true}]}}