{"id":1479,"date":"2023-12-11T19:41:17","date_gmt":"2023-12-11T22:41:17","guid":{"rendered":"https:\/\/noticiasregionais.com.br\/?p=1479"},"modified":"2023-12-11T19:41:29","modified_gmt":"2023-12-11T22:41:29","slug":"antena-parabolica-vai-parar-de-funcionar-beneficiarios-do-bolsa-familia-bpc-tem-troca-gratuita","status":"publish","type":"post","link":"https:\/\/noticiasregionais.com.br\/?p=1479","title":{"rendered":"Antena Parab\u00f3lica vai parar de funcionar. Benefici\u00e1rios do Bolsa Fam\u00edlia\/BPC tem troca gratuita"},"content":{"rendered":"\n<p>Com a chegada do sinal 5G nas cidades brasileiras, as antenas parab\u00f3licas tradicionais deixar\u00e3o de funcionar adequadamente. Para abrir espa\u00e7o para a nova tecnologia ser\u00e1 necess\u00e1rio migrar os usu\u00e1rios da parab\u00f3lica para o novo sistema digital, que possui aparelhos diferentes.<\/p>\n\n\n\n<p>O processo come\u00e7ou em 2022 e deve ser acelerado em breve. As prestadoras de servi\u00e7os receberam autoriza\u00e7\u00e3o do Minist\u00e9rio das Comunica\u00e7\u00f5es para instalar a infraestrutura para receber o sinal 5G em Ourinhos no dia 04 de dezembro.<\/p>\n\n\n\n<p>Os benefici\u00e1rios de programas sociais do Governo Federal, inscritos no Cad\u00danico e que possuem uma parab\u00f3lica tradicional instalada e funcionando t\u00eam direito \u00e0 instala\u00e7\u00e3o do kit gratuito com a nova parab\u00f3lica digital. Saiba mais a seguir.<\/p>\n\n\n\n<p>COMO \u00c9 A NOVA PARAB\u00d3LICA DIGITAL<\/p>\n\n\n\n<p>Sai de cena aquela antena com rede metalizada, grande, que ocupava espa\u00e7o nos telhados e entra em cena uma antena menor, de chapa, semelhante \u00e0quelas usadas na TV por assinatura (Sky, Claro, Vivo, etc).<\/p>\n\n\n\n<p>Com a nova antena, o sinal passa a ser digital, de alta defini\u00e7\u00e3o (HD), com som e imagens mais n\u00edtidos e mais canais, incluindo regionais. Assim como na parab\u00f3lica antiga, n\u00e3o h\u00e1 cobran\u00e7a alguma de mensalidade, voc\u00ea pode continuar assistindo TV gratuitamente.<\/p>\n\n\n\n<p>\u00c9 importante ressaltar que quem tem a antena comum digital de TV aberta, utilizada na maioria das casas na zona urbana, n\u00e3o precisa fazer nenhuma mudan\u00e7a. A medida vale apenas para as antenas parab\u00f3licas.<\/p>\n\n\n\n<p>COMO MIGRAR PARA A NOVA ANTENA<\/p>\n\n\n\n<p>Para o p\u00fablico em geral, a recomenda\u00e7\u00e3o \u00e9 entrar em contato com as lojas especializadas em antenas para adquirir o novo receptor e contratar o antenista para realizar a instala\u00e7\u00e3o dos materiais e a sintoniza\u00e7\u00e3o.<\/p>\n\n\n\n<p>Quem \u00e9 benefici\u00e1rio do Bolsa Fam\u00edlia ou BPC e est\u00e1 no Cad\u00danico consegue o kit e a instala\u00e7\u00e3o de forma 100% gratuita. Basta ligar no n\u00famero 0800 729 2404 ou entrar no site https:\/\/sigaantenado.com.br\/ e realizar seu agendamento. Um profissional far\u00e1 a avalia\u00e7\u00e3o e posterior instala\u00e7\u00e3o do servi\u00e7o, sempre de gra\u00e7a. Essa troca \u00e9 custeada pelas operadoras que operar\u00e3o o 5G no Brasil.<\/p>\n<input type=\"hidden\" id=\"baseurl\" value=\"https:\/\/noticiasregionais.com.br\"><input type=\"hidden\" id=\"audio_nonce\" value=\"533fbb67b1\">","protected":false},"excerpt":{"rendered":"<p>Com a chegada do sinal 5G nas cidades brasileiras, as antenas parab\u00f3licas tradicionais deixar\u00e3o de funcionar adequadamente. Para abrir espa\u00e7o&hellip;<\/p>\n","protected":false},"author":1,"featured_media":1480,"comment_status":"closed","ping_status":"open","sticky":false,"template":"","format":"standard","meta":{"sfsi_plus_gutenberg_text_before_share":"","sfsi_plus_gutenberg_show_text_before_share":"","sfsi_plus_gutenberg_icon_type":"","sfsi_plus_gutenberg_icon_alignemt":"","sfsi_plus_gutenburg_max_per_row":"","footnotes":""},"categories":[8,10,1],"tags":[],"class_list":["post-1479","post","type-post","status-publish","format-standard","has-post-thumbnail","hentry","category-brasil","category-destaques","category-noticias"],"_links":{"self":[{"href":"https:\/\/noticiasregionais.com.br\/index.php?rest_route=\/wp\/v2\/posts\/1479","targetHints":{"allow":["GET"]}}],"collection":[{"href":"https:\/\/noticiasregionais.com.br\/index.php?rest_route=\/wp\/v2\/posts"}],"about":[{"href":"https:\/\/noticiasregionais.com.br\/index.php?rest_route=\/wp\/v2\/types\/post"}],"author":[{"embeddable":true,"href":"https:\/\/noticiasregionais.com.br\/index.php?rest_route=\/wp\/v2\/users\/1"}],"replies":[{"embeddable":true,"href":"https:\/\/noticiasregionais.com.br\/index.php?rest_route=%2Fwp%2Fv2%2Fcomments&post=1479"}],"version-history":[{"count":1,"href":"https:\/\/noticiasregionais.com.br\/index.php?rest_route=\/wp\/v2\/posts\/1479\/revisions"}],"predecessor-version":[{"id":1481,"href":"https:\/\/noticiasregionais.com.br\/index.php?rest_route=\/wp\/v2\/posts\/1479\/revisions\/1481"}],"wp:featuredmedia":[{"embeddable":true,"href":"https:\/\/noticiasregionais.com.br\/index.php?rest_route=\/wp\/v2\/media\/1480"}],"wp:attachment":[{"href":"https:\/\/noticiasregionais.com.br\/index.php?rest_route=%2Fwp%2Fv2%2Fmedia&parent=1479"}],"wp:term":[{"taxonomy":"category","embeddable":true,"href":"https:\/\/noticiasregionais.com.br\/index.php?rest_route=%2Fwp%2Fv2%2Fcategories&post=1479"},{"taxonomy":"post_tag","embeddable":true,"href":"https:\/\/noticiasregionais.com.br\/index.php?rest_route=%2Fwp%2Fv2%2Ftags&post=1479"}],"curies":[{"name":"wp","href":"https:\/\/api.w.org\/{rel}","templated":true}]}}