{"id":1483,"date":"2023-12-12T07:14:41","date_gmt":"2023-12-12T10:14:41","guid":{"rendered":"https:\/\/noticiasregionais.com.br\/?p=1483"},"modified":"2023-12-12T07:16:14","modified_gmt":"2023-12-12T10:16:14","slug":"setor-de-combustiveis-ve-tentativa-de-intervencao-preocupante-em-propostas-de-ministerio-do-governo-lula","status":"publish","type":"post","link":"https:\/\/noticiasregionais.com.br\/?p=1483","title":{"rendered":"Setor de combust\u00edveis v\u00ea tentativa de interven\u00e7\u00e3o preocupante em propostas de minist\u00e9rio do Governo Lula"},"content":{"rendered":"\n<p class=\"has-text-align-center\"><strong>Cotas para distribuidoras menores e fim da importa\u00e7\u00e3o de biodiesel podem estar na pauta<\/strong> <strong>do governo para a pr\u00f3xima reuni\u00e3o do CNPE, que deve ocorrer ainda este m\u00eas.<\/strong><\/p>\n\n\n\n<p>O setor de combust\u00edveis v\u00ea com preocupa\u00e7\u00e3o duas propostas do governo para a pr\u00f3xima reuni\u00e3o do CNPE (Conselho Nacional de Pol\u00edtica Energ\u00e9tica), que deve ocorrer ainda este m\u00eas. Ambas, dizem associa\u00e7\u00f5es, t\u00eam car\u00e1ter intervencionista.<\/p>\n\n\n\n<p>A primeira prev\u00ea o estabelecimento de cotas para venda de combust\u00edveis a distribuidoras de menor porte, sob o argumento de melhorar a competi\u00e7\u00e3o. A segunda reverte medida do ex-presidente Jair Bolsonaro (PL) que liberou as importa\u00e7\u00f5es de biodiesel.<\/p>\n\n\n\n<p>No primeiro caso, h\u00e1 diverg\u00eancias entre grandes e pequenas distribuidoras de combust\u00edveis, j\u00e1 que essas \u00faltimas s\u00e3o benefici\u00e1rias da medida. O argumento \u00e9 que a prote\u00e7\u00e3o \u00e9 fundamental para a sobreviv\u00eancia das empresas de menor porte, que v\u00eam enfrentando dificuldades e perda de mercado.<\/p>\n\n\n\n<p>Representadas pelo IBP (Instituto Brasileiro de Petr\u00f3leo e G\u00e1s), as grandes distribuidoras afirmam que a proposta &#8220;tem car\u00e1ter de controle e interven\u00e7\u00e3o em contratos, gerando inseguran\u00e7a jur\u00eddica para o exerc\u00edcio de uma atividade considerada de utilidade p\u00fablica&#8221;.<\/p>\n\n\n\n<p>&#8220;Sem preju\u00edzo \u00e0 promo\u00e7\u00e3o da efici\u00eancia e da evolu\u00e7\u00e3o cont\u00ednua do setor, reiteramos os riscos decorrentes de artificialismos e medidas intervencionistas sem clareza e evid\u00eancias dos problemas a serem resolvidos&#8221;, diz a entidade, que pede mais debate antes de defini\u00e7\u00f5es sobre o tema.<\/p>\n\n\n\n<p>O IBP defende que n\u00e3o h\u00e1 concentra\u00e7\u00e3o excessiva no mercado brasileiro de combust\u00edveis, embora dados da ANP (Ag\u00eancia Nacional do Petr\u00f3leo, G\u00e1s e Biocombust\u00edveis) indiquem que tr\u00eas empresas -Vibra, Ra\u00edzen e Ipiranga- respondam por 56% das vendas de gasolina e diesel no pa\u00eds.<\/p>\n\n\n\n<p>A concentra\u00e7\u00e3o j\u00e1 foi maior, chegando a dois ter\u00e7os do mercado. Mas a Brasilcom, que re\u00fane as distribuidoras regionais, divulgou h\u00e1 duas semanas estudo da PUC-Rio que aponta perda de mercado de suas associadas, que passou de 20% entre maio e agosto para 18% em setembro.<\/p>\n\n\n\n<p>A proposta de limitar importa\u00e7\u00f5es de biodiesel gera questionamentos tanto no setor de distribui\u00e7\u00e3o como entre importadores de combust\u00edveis. A libera\u00e7\u00e3o para importa\u00e7\u00f5es foi aprovada por Bolsonaro mas s\u00f3 foi regulamentada pela ANP no fim de novembro.<\/p>\n\n\n\n<p>A ANP limitou as importa\u00e7\u00f5es a um volume equivalente a 20% da demanda de cada distribuidora, j\u00e1 que o restante precisa ter o selo social concedido pelo governo brasileiro. Ainda assim, o mercado acredita que compras no exterior poderiam ajudar a tornar os pre\u00e7os internos mais competitivos.<\/p>\n\n\n\n<p>Em novembro, quando a regula\u00e7\u00e3o foi conclu\u00edda, o IBP afirmou que a abertura \u00e0s importa\u00e7\u00f5es foi &#8220;um passo importante para promover a efici\u00eancia do mercado e estimular a evolu\u00e7\u00e3o cont\u00ednua do setor energ\u00e9tico brasileiro&#8221;.<\/p>\n\n\n\n<p>O presidente da Abicom (Associa\u00e7\u00e3o Brasileira dos Importadores de Combust\u00edveis), Sergio Ara\u00fajo, classifica a proposta de proibir novamente como um atraso. &#8220;Desde que foi criado o programa do biodiesel, existe uma reserva de mercado. \u00c9 o \u00fanico combust\u00edvel com a importa\u00e7\u00e3o proibida&#8221;, diz.<\/p>\n\n\n\n<p>Segundo ele, n\u00e3o seria esperada grande perda de mercado para os produtores locais, que hoje t\u00eam capacidade ociosa e maior vantagem log\u00edstica. Mas a concorr\u00eancia poderia reduzir pre\u00e7os, principalmente em regi\u00f5es mais distantes da produ\u00e7\u00e3o.<\/p>\n\n\n\n<p>O MME diz que a pauta do encontro do CNPE ainda est\u00e1 em defini\u00e7\u00e3o e que, geralmente, s\u00f3 \u00e9 divulgada ap\u00f3s a delibera\u00e7\u00e3o dos temas pelo colegiado, que \u00e9 presidido pelo MME e conta com outros minist\u00e9rios em sua composi\u00e7\u00e3o.<\/p>\n\n\n\n<p>A \u00faltima reuni\u00e3o do ano j\u00e1 esteve agendada para a semana passada, depois para esta semana e a expectativa agora \u00e9 que ocorra na semana que vem.<\/p>\n\n\n\n<p><strong><sub>fonte: Sampi \/ Folhapress<\/sub><\/strong><\/p>\n<input type=\"hidden\" id=\"baseurl\" value=\"https:\/\/noticiasregionais.com.br\"><input type=\"hidden\" id=\"audio_nonce\" value=\"3cdc555a10\">","protected":false},"excerpt":{"rendered":"<p>Cotas para distribuidoras menores e fim da importa\u00e7\u00e3o de biodiesel podem estar na pauta do governo para a pr\u00f3xima reuni\u00e3o&hellip;<\/p>\n","protected":false},"author":1,"featured_media":1484,"comment_status":"closed","ping_status":"open","sticky":false,"template":"","format":"standard","meta":{"sfsi_plus_gutenberg_text_before_share":"","sfsi_plus_gutenberg_show_text_before_share":"","sfsi_plus_gutenberg_icon_type":"","sfsi_plus_gutenberg_icon_alignemt":"","sfsi_plus_gutenburg_max_per_row":"","footnotes":""},"categories":[8,10,1],"tags":[],"class_list":["post-1483","post","type-post","status-publish","format-standard","has-post-thumbnail","hentry","category-brasil","category-destaques","category-noticias"],"_links":{"self":[{"href":"https:\/\/noticiasregionais.com.br\/index.php?rest_route=\/wp\/v2\/posts\/1483","targetHints":{"allow":["GET"]}}],"collection":[{"href":"https:\/\/noticiasregionais.com.br\/index.php?rest_route=\/wp\/v2\/posts"}],"about":[{"href":"https:\/\/noticiasregionais.com.br\/index.php?rest_route=\/wp\/v2\/types\/post"}],"author":[{"embeddable":true,"href":"https:\/\/noticiasregionais.com.br\/index.php?rest_route=\/wp\/v2\/users\/1"}],"replies":[{"embeddable":true,"href":"https:\/\/noticiasregionais.com.br\/index.php?rest_route=%2Fwp%2Fv2%2Fcomments&post=1483"}],"version-history":[{"count":2,"href":"https:\/\/noticiasregionais.com.br\/index.php?rest_route=\/wp\/v2\/posts\/1483\/revisions"}],"predecessor-version":[{"id":1486,"href":"https:\/\/noticiasregionais.com.br\/index.php?rest_route=\/wp\/v2\/posts\/1483\/revisions\/1486"}],"wp:featuredmedia":[{"embeddable":true,"href":"https:\/\/noticiasregionais.com.br\/index.php?rest_route=\/wp\/v2\/media\/1484"}],"wp:attachment":[{"href":"https:\/\/noticiasregionais.com.br\/index.php?rest_route=%2Fwp%2Fv2%2Fmedia&parent=1483"}],"wp:term":[{"taxonomy":"category","embeddable":true,"href":"https:\/\/noticiasregionais.com.br\/index.php?rest_route=%2Fwp%2Fv2%2Fcategories&post=1483"},{"taxonomy":"post_tag","embeddable":true,"href":"https:\/\/noticiasregionais.com.br\/index.php?rest_route=%2Fwp%2Fv2%2Ftags&post=1483"}],"curies":[{"name":"wp","href":"https:\/\/api.w.org\/{rel}","templated":true}]}}