{"id":1487,"date":"2023-12-12T07:34:37","date_gmt":"2023-12-12T10:34:37","guid":{"rendered":"https:\/\/noticiasregionais.com.br\/?p=1487"},"modified":"2023-12-12T07:37:23","modified_gmt":"2023-12-12T10:37:23","slug":"secretaria-de-educacao-de-sp-vai-aumentar-quase-40-a-verba-para-alimentacao-escolar","status":"publish","type":"post","link":"https:\/\/noticiasregionais.com.br\/?p=1487","title":{"rendered":"Secretaria de Educa\u00e7\u00e3o de SP vai aumentar quase 40% a verba para alimenta\u00e7\u00e3o escolar. Ourinhos ser\u00e1 beneficiada."},"content":{"rendered":"\n<p class=\"has-text-align-center\"><strong>Mar\u00edlia, Bauru e Assis tamb\u00e9m est\u00e3o entre os 493 municipios beneficiados<\/strong><\/p>\n\n\n\n<p>A Secretaria de Educa\u00e7\u00e3o de S\u00e3o Paulo (Seduc-SP) vai aumentar 39,95% a verba direcionada \u00e0 alimenta\u00e7\u00e3o escolar dos estudantes matriculados na rede estadual, em 493 munic\u00edpios paulistas, para 2024. De acordo com a Secretaria, Mar\u00edlia, Bauru, Ourinhos e Assis est\u00e3o entre as cidades beneficiadas.<\/p>\n\n\n\n<p>Para 2024, o valor do repasse di\u00e1rio aos munic\u00edpios por aluno do ensino regular, que recebe uma refei\u00e7\u00e3o por dia, ser\u00e1 de R$ 1,60. No caso dos estudantes do ensino integral, que recebem tr\u00eas tipos de alimenta\u00e7\u00e3o (dois lanches e uma refei\u00e7\u00e3o), o repasse ser\u00e1 de R$ 5,50. Isso representa um aumento de 39,95% na compara\u00e7\u00e3o com o repasse atual.<\/p>\n\n\n\n<p>Em todos os 493 munic\u00edpios, os alunos da rede recebem &nbsp;alimenta\u00e7\u00e3o por meio de conv\u00eanio com as prefeituras, que s\u00e3o respons\u00e1veis pela compra dos insumos, contrata\u00e7\u00e3o de merendeiras, preparo e distribui\u00e7\u00e3o das refei\u00e7\u00f5es.<\/p>\n\n\n\n<p>A nutricionista Luylia Guedes, do Hospital Santa Marta, afirma que a alimenta\u00e7\u00e3o escolar exerce um papel \u201cfundamental\u201d para muitos estudantes em situa\u00e7\u00e3o de vulnerabilidade social, contribuindo para o desenvolvimento da aprendizagem dos alunos, melhora da mem\u00f3ria e concentra\u00e7\u00e3o; al\u00e9m de ajudar no rendimento escolar.<\/p>\n\n\n\n<p>\u201cMuitas vezes, as refei\u00e7\u00f5es recebidas no ambiente escolar s\u00e3o sua principal fonte, ou at\u00e9 \u00fanica forma de nutri\u00e7\u00e3o. Fato que refor\u00e7a a import\u00e2ncia das institui\u00e7\u00f5es de ensino ofertarem refei\u00e7\u00f5es nutricionalmente completas. Para isso, \u00e9 de suma import\u00e2ncia ter os recursos financeiros em quantidade adequada para garantir suprimentos bem como toda a equipe de pessoal necess\u00e1ria para a gest\u00e3o e fornecimento das refei\u00e7\u00f5es\u201d, explica a nutricionista.<\/p>\n\n\n\n<p>O pediatra Clodoaldo da Silveira J\u00fanior destaca que a alimenta\u00e7\u00e3o adequada para crian\u00e7as no per\u00edodo escolar \u00e9 importante para o desenvolvimento f\u00edsico delas. \u201c\u00c9 crucial para que [as] crian\u00e7as possam desenvolver-se fisicamente. Uma dieta balanceada fornece os nutrientes essenciais para que as crian\u00e7as possam crescer e se desenvolver de forma saud\u00e1vel. Al\u00e9m disso, esses alimentos s\u00e3o ricos em vitaminas e minerais e s\u00e3o muito importantes para o funcionamento cerebral\u201d, pontua.<\/p>\n\n\n\n<p>Al\u00e9m disso, o pediatra explica que uma alimenta\u00e7\u00e3o equilibrada fornece a energia necess\u00e1ria para atividades di\u00e1rias e brincadeiras, e a longo prazo, pode ajudar a prevenir problemas de sa\u00fade, como obesidade e diabetes.<\/p>\n\n\n\n<p>Al\u00e9m desses valores repassados pelos conv\u00eanios, h\u00e1 tamb\u00e9m a transfer\u00eancia direta \u00e0s cidades pelo Governo Federal, por meio do Programa Nacional de Alimenta\u00e7\u00e3o Escolar (PNAE). Nesse contexto, o repasse por aluno para o per\u00edodo parcial \u00e9 de R$ 0,50, enquanto para o ensino integral \u00e9 de R$ 1,37.<\/p>\n\n\n\n<p>Dessa forma, o montante total por estudante do ensino regular por dia ser\u00e1 de R$ 2,10, enquanto para os alunos do ensino integral ser\u00e1 de R$ 6,87.<\/p>\n\n\n\n<p><strong>Leia mais:<\/strong><\/p>\n\n\n\n<p><a href=\"https:\/\/brasil61.com\/n\/desestatizacao-da-sabesp-preve-antecipacao-das-metas-de-universalizacao-do-saneamento-basico-bras2310354\" target=\"_blank\" rel=\"noopener\">Desestatiza\u00e7\u00e3o da Sabesp prev\u00ea antecipa\u00e7\u00e3o das metas de universaliza\u00e7\u00e3o do saneamento b\u00e1sico<\/a><\/p>\n\n\n\n<p><a href=\"https:\/\/brasil61.com\/n\/secretaria-de-saude-de-sao-paulo-realiza-mais-de-76-mil-cirurgias-oftalmologicas-bras2310272\" target=\"_blank\" rel=\"noopener\">Secretaria de Sa\u00fade de S\u00e3o Paulo realiza mais de 76 mil cirurgias oftalmol\u00f3gicas<\/a><\/p>\n\n\n\n<p>Fonte: <a href=\"https:\/\/brasil61.com\/n\/secretaria-de-educacao-de-sp-vai-aumentar-quase-40-a-verba-para-alimentacao-escolar-bras2310380\" target=\"_blank\" rel=\"noreferrer noopener\">Brasil 61<\/a><\/p>\n<input type=\"hidden\" id=\"baseurl\" value=\"https:\/\/noticiasregionais.com.br\"><input type=\"hidden\" id=\"audio_nonce\" value=\"533fbb67b1\">","protected":false},"excerpt":{"rendered":"<p>Mar\u00edlia, Bauru e Assis tamb\u00e9m est\u00e3o entre os 493 municipios beneficiados A Secretaria de Educa\u00e7\u00e3o de S\u00e3o Paulo (Seduc-SP) vai&hellip;<\/p>\n","protected":false},"author":1,"featured_media":1488,"comment_status":"closed","ping_status":"open","sticky":false,"template":"","format":"standard","meta":{"sfsi_plus_gutenberg_text_before_share":"","sfsi_plus_gutenberg_show_text_before_share":"","sfsi_plus_gutenberg_icon_type":"","sfsi_plus_gutenberg_icon_alignemt":"","sfsi_plus_gutenburg_max_per_row":"","footnotes":""},"categories":[5,12,1],"tags":[],"class_list":["post-1487","post","type-post","status-publish","format-standard","has-post-thumbnail","hentry","category-ourinhos","category-capa","category-noticias"],"_links":{"self":[{"href":"https:\/\/noticiasregionais.com.br\/index.php?rest_route=\/wp\/v2\/posts\/1487","targetHints":{"allow":["GET"]}}],"collection":[{"href":"https:\/\/noticiasregionais.com.br\/index.php?rest_route=\/wp\/v2\/posts"}],"about":[{"href":"https:\/\/noticiasregionais.com.br\/index.php?rest_route=\/wp\/v2\/types\/post"}],"author":[{"embeddable":true,"href":"https:\/\/noticiasregionais.com.br\/index.php?rest_route=\/wp\/v2\/users\/1"}],"replies":[{"embeddable":true,"href":"https:\/\/noticiasregionais.com.br\/index.php?rest_route=%2Fwp%2Fv2%2Fcomments&post=1487"}],"version-history":[{"count":2,"href":"https:\/\/noticiasregionais.com.br\/index.php?rest_route=\/wp\/v2\/posts\/1487\/revisions"}],"predecessor-version":[{"id":1491,"href":"https:\/\/noticiasregionais.com.br\/index.php?rest_route=\/wp\/v2\/posts\/1487\/revisions\/1491"}],"wp:featuredmedia":[{"embeddable":true,"href":"https:\/\/noticiasregionais.com.br\/index.php?rest_route=\/wp\/v2\/media\/1488"}],"wp:attachment":[{"href":"https:\/\/noticiasregionais.com.br\/index.php?rest_route=%2Fwp%2Fv2%2Fmedia&parent=1487"}],"wp:term":[{"taxonomy":"category","embeddable":true,"href":"https:\/\/noticiasregionais.com.br\/index.php?rest_route=%2Fwp%2Fv2%2Fcategories&post=1487"},{"taxonomy":"post_tag","embeddable":true,"href":"https:\/\/noticiasregionais.com.br\/index.php?rest_route=%2Fwp%2Fv2%2Ftags&post=1487"}],"curies":[{"name":"wp","href":"https:\/\/api.w.org\/{rel}","templated":true}]}}