{"id":1494,"date":"2023-12-13T08:14:37","date_gmt":"2023-12-13T11:14:37","guid":{"rendered":"https:\/\/noticiasregionais.com.br\/?p=1494"},"modified":"2023-12-13T08:14:40","modified_gmt":"2023-12-13T11:14:40","slug":"prf-apreende-cerca-de-r-1-milhao-em-celulares","status":"publish","type":"post","link":"https:\/\/noticiasregionais.com.br\/?p=1494","title":{"rendered":"PRF apreende cerca de R$ 1 milh\u00e3o em celulares"},"content":{"rendered":"\n<p class=\"has-text-align-center\"><strong>Mercadoria seria levado do Paraguai para a capital paulista<\/strong><\/p>\n\n\n\n<p>Uma equipe da Pol\u00edcia Rodovi\u00e1ria Federal Prendeu dois homens na madrugada desta quarta-feira (13) ap\u00f3s encontrar diversos celulares escondidos debaixo do banco traseiro e nas laterais da ca\u00e7amba. O flagrante aconteceu em Cambara\/PR, pr\u00f3ximo \u00e0 divisa do Paran\u00e1 com S\u00e3o Paulo.<\/p>\n\n\n\n<p>A ocorr\u00eancia come\u00e7ou quando a equipe da PRF de Ourinhos\/SP fazia ronda pr\u00f3ximo \u00e0 divisa, \u00e0 0h50, e abordou uma caminhonete GM S10 ocupada por dois homens. Durante a conversa na fiscaliza\u00e7\u00e3o, os policiais rodovi\u00e1rios federais perceberam alguns desencontros nas hist\u00f3rias contadas por eles, al\u00e9m de certo nervosismo, levando a uma verifica\u00e7\u00e3o mais detalhada e ao encontro da carga contrabandeada.<\/p>\n\n\n\n<p>A descoberta dos PRFs finalizou com a contagem de 294 celulares das marcas Apple e Xiaomi, al\u00e9m de um notebook, dois tablets e um rel\u00f3gio tamb\u00e9m da marca Apple. A carga foi avaliada em cerca de um milh\u00e3o de reais no varejo e os dois homens, um de 40 e outro de 51 anos, foram levados para a delegacia de Londrina\/PR, onde responder\u00e3o pelo crime de descaminho. Mercadoria e ve\u00edculo ficaram apreendidos.<\/p>\n<input type=\"hidden\" id=\"baseurl\" value=\"https:\/\/noticiasregionais.com.br\"><input type=\"hidden\" id=\"audio_nonce\" value=\"533fbb67b1\">","protected":false},"excerpt":{"rendered":"<p>Mercadoria seria levado do Paraguai para a capital paulista Uma equipe da Pol\u00edcia Rodovi\u00e1ria Federal Prendeu dois homens na madrugada&hellip;<\/p>\n","protected":false},"author":1,"featured_media":1495,"comment_status":"closed","ping_status":"open","sticky":false,"template":"","format":"standard","meta":{"sfsi_plus_gutenberg_text_before_share":"","sfsi_plus_gutenberg_show_text_before_share":"","sfsi_plus_gutenberg_icon_type":"","sfsi_plus_gutenberg_icon_alignemt":"","sfsi_plus_gutenburg_max_per_row":"","footnotes":""},"categories":[7,12,1],"tags":[],"class_list":["post-1494","post","type-post","status-publish","format-standard","has-post-thumbnail","hentry","category-parana","category-capa","category-noticias"],"_links":{"self":[{"href":"https:\/\/noticiasregionais.com.br\/index.php?rest_route=\/wp\/v2\/posts\/1494","targetHints":{"allow":["GET"]}}],"collection":[{"href":"https:\/\/noticiasregionais.com.br\/index.php?rest_route=\/wp\/v2\/posts"}],"about":[{"href":"https:\/\/noticiasregionais.com.br\/index.php?rest_route=\/wp\/v2\/types\/post"}],"author":[{"embeddable":true,"href":"https:\/\/noticiasregionais.com.br\/index.php?rest_route=\/wp\/v2\/users\/1"}],"replies":[{"embeddable":true,"href":"https:\/\/noticiasregionais.com.br\/index.php?rest_route=%2Fwp%2Fv2%2Fcomments&post=1494"}],"version-history":[{"count":1,"href":"https:\/\/noticiasregionais.com.br\/index.php?rest_route=\/wp\/v2\/posts\/1494\/revisions"}],"predecessor-version":[{"id":1496,"href":"https:\/\/noticiasregionais.com.br\/index.php?rest_route=\/wp\/v2\/posts\/1494\/revisions\/1496"}],"wp:featuredmedia":[{"embeddable":true,"href":"https:\/\/noticiasregionais.com.br\/index.php?rest_route=\/wp\/v2\/media\/1495"}],"wp:attachment":[{"href":"https:\/\/noticiasregionais.com.br\/index.php?rest_route=%2Fwp%2Fv2%2Fmedia&parent=1494"}],"wp:term":[{"taxonomy":"category","embeddable":true,"href":"https:\/\/noticiasregionais.com.br\/index.php?rest_route=%2Fwp%2Fv2%2Fcategories&post=1494"},{"taxonomy":"post_tag","embeddable":true,"href":"https:\/\/noticiasregionais.com.br\/index.php?rest_route=%2Fwp%2Fv2%2Ftags&post=1494"}],"curies":[{"name":"wp","href":"https:\/\/api.w.org\/{rel}","templated":true}]}}