{"id":150,"date":"2023-09-01T23:34:12","date_gmt":"2023-09-02T02:34:12","guid":{"rendered":"https:\/\/noticiasregionais.com.br\/?p=150"},"modified":"2023-09-01T23:34:12","modified_gmt":"2023-09-02T02:34:12","slug":"policia-rodoviaria-apreende-26-mil-macos-de-cigarros-contrabandeados-em-candido-mota","status":"publish","type":"post","link":"https:\/\/noticiasregionais.com.br\/?p=150","title":{"rendered":"Pol\u00edcia Rodovi\u00e1ria apreende 26 mil ma\u00e7os de cigarros contrabandeados em C\u00e2ndido Mota"},"content":{"rendered":"\n<p><strong>Candidato Mota, 1\u00ba de setembro de 2023<\/strong> &#8211; Policiais militares do 2\u00b0 Batalh\u00e3o de Pol\u00edcia Rodovi\u00e1ria prenderam um homem e apreenderam 26 mil ma\u00e7os de cigarros contrabandeados na tarde desta sexta-feira (1\u00b0), na Rodovia Francisco Gabriel da Mota (SP-266), em C\u00e2ndido Mota.<\/p>\n\n\n\n<p>Segundo a Pol\u00edcia Rodovi\u00e1ria, os policiais realizavam uma opera\u00e7\u00e3o de combate ao crime quando abordaram dois ve\u00edculos, um Fiat Idea e um Chevrolet Vectra, que seguiam em sentido a Mar\u00edlia.<\/p>\n\n\n\n<p>Durante a fiscaliza\u00e7\u00e3o, os policiais encontraram os cigarros escondidos no interior dos ve\u00edculos. Os cigarros eram de origem estrangeira e n\u00e3o possu\u00edam nota fiscal.<\/p>\n\n\n\n<p>Um dos ocupantes do Vectra, um homem de 46 anos, foi preso em flagrante. O outro ocupante do ve\u00edculo conseguiu fugir antes da chegada da pol\u00edcia.<\/p>\n\n\n\n<p>Os dois ve\u00edculos e os cigarros foram apreendidos e encaminhados \u00e0 Delegacia da Pol\u00edcia Federal de Mar\u00edlia, onde o caso foi registrado.<\/p>\n\n\n\n<p>A Pol\u00edcia Rodovi\u00e1ria investiga a participa\u00e7\u00e3o de outras pessoas no crime.<\/p>\n\n\n\n<p><strong>Sobre o contrabando de cigarros<\/strong><\/p>\n\n\n\n<p>O contrabando de cigarros \u00e9 um crime que causa preju\u00edzos aos cofres p\u00fablicos e \u00e0 sa\u00fade da popula\u00e7\u00e3o. Os cigarros contrabandeados geralmente s\u00e3o de qualidade inferior e podem conter subst\u00e2ncias t\u00f3xicas que podem causar doen\u00e7as.<\/p>\n\n\n\n<p>A pena para o contrabando de cigarros \u00e9 de dois a cinco anos de pris\u00e3o, al\u00e9m de multa.<\/p>\n<input type=\"hidden\" id=\"baseurl\" value=\"https:\/\/noticiasregionais.com.br\"><input type=\"hidden\" id=\"audio_nonce\" value=\"533fbb67b1\">","protected":false},"excerpt":{"rendered":"<p>Candidato Mota, 1\u00ba de setembro de 2023 &#8211; Policiais militares do 2\u00b0 Batalh\u00e3o de Pol\u00edcia Rodovi\u00e1ria prenderam um homem e&hellip;<\/p>\n","protected":false},"author":1,"featured_media":151,"comment_status":"closed","ping_status":"open","sticky":false,"template":"","format":"standard","meta":{"sfsi_plus_gutenberg_text_before_share":"","sfsi_plus_gutenberg_show_text_before_share":"","sfsi_plus_gutenberg_icon_type":"","sfsi_plus_gutenberg_icon_alignemt":"","sfsi_plus_gutenburg_max_per_row":"","footnotes":""},"categories":[12,1,6],"tags":[],"class_list":["post-150","post","type-post","status-publish","format-standard","has-post-thumbnail","hentry","category-capa","category-noticias","category-sao_paulo"],"_links":{"self":[{"href":"https:\/\/noticiasregionais.com.br\/index.php?rest_route=\/wp\/v2\/posts\/150","targetHints":{"allow":["GET"]}}],"collection":[{"href":"https:\/\/noticiasregionais.com.br\/index.php?rest_route=\/wp\/v2\/posts"}],"about":[{"href":"https:\/\/noticiasregionais.com.br\/index.php?rest_route=\/wp\/v2\/types\/post"}],"author":[{"embeddable":true,"href":"https:\/\/noticiasregionais.com.br\/index.php?rest_route=\/wp\/v2\/users\/1"}],"replies":[{"embeddable":true,"href":"https:\/\/noticiasregionais.com.br\/index.php?rest_route=%2Fwp%2Fv2%2Fcomments&post=150"}],"version-history":[{"count":1,"href":"https:\/\/noticiasregionais.com.br\/index.php?rest_route=\/wp\/v2\/posts\/150\/revisions"}],"predecessor-version":[{"id":152,"href":"https:\/\/noticiasregionais.com.br\/index.php?rest_route=\/wp\/v2\/posts\/150\/revisions\/152"}],"wp:featuredmedia":[{"embeddable":true,"href":"https:\/\/noticiasregionais.com.br\/index.php?rest_route=\/wp\/v2\/media\/151"}],"wp:attachment":[{"href":"https:\/\/noticiasregionais.com.br\/index.php?rest_route=%2Fwp%2Fv2%2Fmedia&parent=150"}],"wp:term":[{"taxonomy":"category","embeddable":true,"href":"https:\/\/noticiasregionais.com.br\/index.php?rest_route=%2Fwp%2Fv2%2Fcategories&post=150"},{"taxonomy":"post_tag","embeddable":true,"href":"https:\/\/noticiasregionais.com.br\/index.php?rest_route=%2Fwp%2Fv2%2Ftags&post=150"}],"curies":[{"name":"wp","href":"https:\/\/api.w.org\/{rel}","templated":true}]}}