{"id":1500,"date":"2023-12-13T19:36:17","date_gmt":"2023-12-13T22:36:17","guid":{"rendered":"https:\/\/noticiasregionais.com.br\/?p=1500"},"modified":"2023-12-13T19:36:29","modified_gmt":"2023-12-13T22:36:29","slug":"sem-cervejinha-pedreiro-mata-a-facadas-homem-que-teria-furtado-seu-celular-em-itapui","status":"publish","type":"post","link":"https:\/\/noticiasregionais.com.br\/?p=1500","title":{"rendered":"Sem Cervejinha &#8211; Pedreiro mata a facadas homem que teria furtado seu celular em Itapu\u00ed"},"content":{"rendered":"\n<p class=\"has-text-align-center\"><strong>Ocorr\u00eancia foi por volta das 23h43 na quadra 4 da rua Campos Sales, no Jardim Bica de Pedra, em Itapu\u00ed<\/strong><\/p>\n\n\n\n<p>Um pedreiro de 32 anos foi preso em flagrante ap\u00f3s confessar ter matado um homem de 21 anos que teria furtado seu celular, em Itapu\u00ed (166 km de Ourinhos). O caso foi no fim da noite desta ter\u00e7a-feira (12). Segundo informa\u00e7\u00f5es da Pol\u00edcia Militar (PM), uma equipe foi acionada por volta das 23h43 para uma ocorr\u00eancia de agress\u00e3o por arma branca, na quadra 4 da rua Campos Sales, no Jardim Bica de Pedra.<\/p>\n\n\n\n<p>No local, os PMs encontraram a v\u00edtima ca\u00edda ao solo, com marcas de sangue em seu corpo e ao redor dele. Uma ambul\u00e2ncia foi acionada, mas constatou o \u00f3bito. O trecho foi periciado pela Pol\u00edcia T\u00e9cnico-Cient\u00edfica.<\/p>\n\n\n\n<p>Ainda no endere\u00e7o, populares indicaram informalmente que o pedreiro teria sido o autor do crime. Ap\u00f3s dilig\u00eancias, o suspeito foi localizado na rua 11 de Setembro. Submetido a busca pessoal, nada de il\u00edcito foi encontrado.<\/p>\n\n\n\n<p>Ao ser questionado, confessou o crime aos PMs. Alegou que Leonardo teria pego seu celular e, na tentativa de recuperar o aparelho, foi atr\u00e1s do homem, que puxou uma faca. Nesse momento, os dois teriam entrado em luta corporal, instante que o autor conseguiu pegar o objeto e golpear a v\u00edtima. Ele, ent\u00e3o, pegou seu celular e deixou o local.<\/p>\n\n\n\n<p>Diante disso, o pedreiro foi preso em flagrante por homic\u00eddio e encaminhado \u00e0 Central de Pol\u00edcia Judici\u00e1ria (CPJ) de Ja\u00fa, onde permaneceu \u00e0 disposi\u00e7\u00e3o da Justi\u00e7a. A faca n\u00e3o foi localizada.<\/p>\n\n\n\n<p><strong><sub>fonte: Sampi \/ Folhapress<\/sub><\/strong><\/p>\n<input type=\"hidden\" id=\"baseurl\" value=\"https:\/\/noticiasregionais.com.br\"><input type=\"hidden\" id=\"audio_nonce\" value=\"533fbb67b1\">","protected":false},"excerpt":{"rendered":"<p>Ocorr\u00eancia foi por volta das 23h43 na quadra 4 da rua Campos Sales, no Jardim Bica de Pedra, em Itapu\u00ed&hellip;<\/p>\n","protected":false},"author":1,"featured_media":1501,"comment_status":"closed","ping_status":"open","sticky":false,"template":"","format":"standard","meta":{"sfsi_plus_gutenberg_text_before_share":"","sfsi_plus_gutenberg_show_text_before_share":"","sfsi_plus_gutenberg_icon_type":"","sfsi_plus_gutenberg_icon_alignemt":"","sfsi_plus_gutenburg_max_per_row":"","footnotes":""},"categories":[6,10,1],"tags":[],"class_list":["post-1500","post","type-post","status-publish","format-standard","has-post-thumbnail","hentry","category-sao_paulo","category-destaques","category-noticias"],"_links":{"self":[{"href":"https:\/\/noticiasregionais.com.br\/index.php?rest_route=\/wp\/v2\/posts\/1500","targetHints":{"allow":["GET"]}}],"collection":[{"href":"https:\/\/noticiasregionais.com.br\/index.php?rest_route=\/wp\/v2\/posts"}],"about":[{"href":"https:\/\/noticiasregionais.com.br\/index.php?rest_route=\/wp\/v2\/types\/post"}],"author":[{"embeddable":true,"href":"https:\/\/noticiasregionais.com.br\/index.php?rest_route=\/wp\/v2\/users\/1"}],"replies":[{"embeddable":true,"href":"https:\/\/noticiasregionais.com.br\/index.php?rest_route=%2Fwp%2Fv2%2Fcomments&post=1500"}],"version-history":[{"count":1,"href":"https:\/\/noticiasregionais.com.br\/index.php?rest_route=\/wp\/v2\/posts\/1500\/revisions"}],"predecessor-version":[{"id":1502,"href":"https:\/\/noticiasregionais.com.br\/index.php?rest_route=\/wp\/v2\/posts\/1500\/revisions\/1502"}],"wp:featuredmedia":[{"embeddable":true,"href":"https:\/\/noticiasregionais.com.br\/index.php?rest_route=\/wp\/v2\/media\/1501"}],"wp:attachment":[{"href":"https:\/\/noticiasregionais.com.br\/index.php?rest_route=%2Fwp%2Fv2%2Fmedia&parent=1500"}],"wp:term":[{"taxonomy":"category","embeddable":true,"href":"https:\/\/noticiasregionais.com.br\/index.php?rest_route=%2Fwp%2Fv2%2Fcategories&post=1500"},{"taxonomy":"post_tag","embeddable":true,"href":"https:\/\/noticiasregionais.com.br\/index.php?rest_route=%2Fwp%2Fv2%2Ftags&post=1500"}],"curies":[{"name":"wp","href":"https:\/\/api.w.org\/{rel}","templated":true}]}}