{"id":1507,"date":"2023-12-14T06:55:58","date_gmt":"2023-12-14T09:55:58","guid":{"rendered":"https:\/\/noticiasregionais.com.br\/?p=1507"},"modified":"2023-12-14T06:56:01","modified_gmt":"2023-12-14T09:56:01","slug":"caminhoneiro-encontra-corpo-com-membros-decepados-as-margens-da-br-153","status":"publish","type":"post","link":"https:\/\/noticiasregionais.com.br\/?p=1507","title":{"rendered":"Caminhoneiro encontra corpo com membros decepados as margens da BR-153"},"content":{"rendered":"\n<p class=\"has-text-align-center\"><strong>Corpo estava em estado avan\u00e7ado de decomposi\u00e7\u00e3o, sem um p\u00e9, uma m\u00e3o e com marcas de cortes no outro pulso.<\/strong><\/p>\n\n\n\n<p>O corpo de um homem foi encontrado \u00e0s margens da Rodovia Transbrasiliana, a BR-153, na tarde desta quarta-feira (13), em Mar\u00edlia (SP).<\/p>\n\n\n\n<p>De acordo com a Pol\u00edcia Civil, o cad\u00e1ver estava em estado avan\u00e7ado de decomposi\u00e7\u00e3o, sem um p\u00e9, uma m\u00e3o e com marcas de cortes no outro pulso.<\/p>\n\n\n\n<p>O corpo foi encontrado por um caminhoneiro que parou no local para urinar, na altura do quil\u00f4metro 220 da rodovia federal, pr\u00f3ximo a estrada de terra que d\u00e1 acesso para a Fazenda do Estado, bairro rural da zona norte de Mar\u00edlia.<\/p>\n\n\n\n<p>A equipe da Delegacia de Investiga\u00e7\u00f5es Gerais (DIG) de Mar\u00edlia conseguiu colher digitais da outra m\u00e3o e identificou a v\u00edtima como Hiago Henrique Furtado dos Santos, de 30 anos, morador de Lins (SP). Ele estava desaparecido desde o dia 8 de dezembro.<\/p>\n\n\n\n<p>O caso foi registrado como morte suspeita, mas a pol\u00edcia trabalha com a hip\u00f3tese de homic\u00eddio e de que o corpo foi deixado perto da estrada ap\u00f3s o cometimento do crime. A DIG de Lins vai ajudar na investiga\u00e7\u00e3o do caso.<\/p>\n\n\n\n<p><strong><sub>foto: Marilia Not\u00edcia \/ fonte: G1 Mar\u00edlia e Bauru<\/sub><\/strong><\/p>\n<input type=\"hidden\" id=\"baseurl\" value=\"https:\/\/noticiasregionais.com.br\"><input type=\"hidden\" id=\"audio_nonce\" value=\"3cdc555a10\">","protected":false},"excerpt":{"rendered":"<p>Corpo estava em estado avan\u00e7ado de decomposi\u00e7\u00e3o, sem um p\u00e9, uma m\u00e3o e com marcas de cortes no outro pulso.&hellip;<\/p>\n","protected":false},"author":1,"featured_media":1508,"comment_status":"closed","ping_status":"open","sticky":false,"template":"","format":"standard","meta":{"sfsi_plus_gutenberg_text_before_share":"","sfsi_plus_gutenberg_show_text_before_share":"","sfsi_plus_gutenberg_icon_type":"","sfsi_plus_gutenberg_icon_alignemt":"","sfsi_plus_gutenburg_max_per_row":"","footnotes":""},"categories":[6,10,1],"tags":[],"class_list":["post-1507","post","type-post","status-publish","format-standard","has-post-thumbnail","hentry","category-sao_paulo","category-destaques","category-noticias"],"_links":{"self":[{"href":"https:\/\/noticiasregionais.com.br\/index.php?rest_route=\/wp\/v2\/posts\/1507","targetHints":{"allow":["GET"]}}],"collection":[{"href":"https:\/\/noticiasregionais.com.br\/index.php?rest_route=\/wp\/v2\/posts"}],"about":[{"href":"https:\/\/noticiasregionais.com.br\/index.php?rest_route=\/wp\/v2\/types\/post"}],"author":[{"embeddable":true,"href":"https:\/\/noticiasregionais.com.br\/index.php?rest_route=\/wp\/v2\/users\/1"}],"replies":[{"embeddable":true,"href":"https:\/\/noticiasregionais.com.br\/index.php?rest_route=%2Fwp%2Fv2%2Fcomments&post=1507"}],"version-history":[{"count":1,"href":"https:\/\/noticiasregionais.com.br\/index.php?rest_route=\/wp\/v2\/posts\/1507\/revisions"}],"predecessor-version":[{"id":1509,"href":"https:\/\/noticiasregionais.com.br\/index.php?rest_route=\/wp\/v2\/posts\/1507\/revisions\/1509"}],"wp:featuredmedia":[{"embeddable":true,"href":"https:\/\/noticiasregionais.com.br\/index.php?rest_route=\/wp\/v2\/media\/1508"}],"wp:attachment":[{"href":"https:\/\/noticiasregionais.com.br\/index.php?rest_route=%2Fwp%2Fv2%2Fmedia&parent=1507"}],"wp:term":[{"taxonomy":"category","embeddable":true,"href":"https:\/\/noticiasregionais.com.br\/index.php?rest_route=%2Fwp%2Fv2%2Fcategories&post=1507"},{"taxonomy":"post_tag","embeddable":true,"href":"https:\/\/noticiasregionais.com.br\/index.php?rest_route=%2Fwp%2Fv2%2Ftags&post=1507"}],"curies":[{"name":"wp","href":"https:\/\/api.w.org\/{rel}","templated":true}]}}