{"id":1513,"date":"2023-12-14T09:18:32","date_gmt":"2023-12-14T12:18:32","guid":{"rendered":"https:\/\/noticiasregionais.com.br\/?p=1513"},"modified":"2023-12-14T09:26:44","modified_gmt":"2023-12-14T12:26:44","slug":"cenario-eleitoral-para-2024-em-ourinhos-comeca-a-ser-delineado","status":"publish","type":"post","link":"https:\/\/noticiasregionais.com.br\/?p=1513","title":{"rendered":"Cen\u00e1rio Eleitoral para 2024 em Ourinhos come\u00e7a a ser delineado."},"content":{"rendered":"\n<p class=\"has-text-align-center\"><strong>Cena atual aponta para cinco poss\u00edveis candidaturas ao executivo de Ourinhos.<\/strong><\/p>\n\n\n\n<p>O PSD anunciou Caio Lima como candidato, visando dar continuidade \u00e0 atual gest\u00e3o do prefeito Lucas Pocay na elei\u00e7\u00e3o de 2024. Desde 2022, Caio tem significativa exposi\u00e7\u00e3o nos canais oficiais de comunica\u00e7\u00e3o da Prefeitura Municipal, assim como em todas as redes sociais. Apesar de todo o esfor\u00e7o, o ex-vereador n\u00e3o \u00e9 unanimidade nem mesmo entre os integrantes do grupo pol\u00edtico de Pocay.<\/p>\n\n\n\n<p>A indica\u00e7\u00e3o de Caio conta com o apoio de Gilberto Kassab, presidente nacional do PSD, do prefeito Lucas Pocay e de Claury Alves da Silva, presidente do PSD em Ourinhos.<\/p>\n\n\n\n<p>Em uma reuni\u00e3o, o PT de Ourinhos definiu que o ex-vereador e ex-presidente da C\u00e2mara Ant\u00f4nio Amaral Junior, o Toninho do PT, ser\u00e1 o pr\u00e9-candidato a Prefeito nas elei\u00e7\u00f5es municipais de 2024.<\/p>\n\n\n\n<p>Toninho coordena a Macro-regi\u00e3o do partido Assis-Mar\u00edlia-Ourinhos e conta com o apoio do PT estadual, da bancada de Deputados Estaduais, Federais e de Lula.<\/p>\n\n\n\n<p>Por outro lado, a simples postagem de um v\u00eddeo, com poucos segundos, nas redes sociais causou bastante repercuss\u00e3o no \u00faltimo domingo (09\/12). Nele, apareciam o atual vereador Guilherme Gon\u00e7alves (PODE) ao lado do ex-vereador Alexandre Ara\u00fajo Dauage, o Alexandre Z\u00f3io (Republicanos). A dupla \u00e9 tida como grande favorita para liderar a oposi\u00e7\u00e3o ao atual gestor municipal nas pr\u00f3ximas elei\u00e7\u00f5es.<\/p>\n\n\n\n<p>Guilherme Gon\u00e7alves transita bem entre a parcela mais humilde dos moradores de Ourinhos, tendo recebido, na \u00faltima elei\u00e7\u00e3o para Deputado Estadual, 20.997 votos somente no munic\u00edpio. Alexandre Z\u00f3io, por sua vez, tem um trabalho social relevante junto \u00e0 APAE e atua diuturnamente no judici\u00e1rio, destacando-se como prefer\u00eancia entre pessoas de classe social mais abastada.<\/p>\n\n\n\n<p>Fernando Ferrari, empres\u00e1rio da &#8220;Oncinha&#8221; (PTB), tamb\u00e9m aparece como pr\u00e9-candidato. Ele disputou as elei\u00e7\u00f5es de 2020 e 2022, concorrendo aos cargos de vereador e deputado federal. De fam\u00edlia tradicional de Ourinhos, Fernando tem proximidade com o CACTO &#8211; Clube de Arco, Ca\u00e7a e Tiro de Ourinhos, onde s\u00e3o desenvolvidos projetos sociais, e tamb\u00e9m transita boa parte da direita e conservadores ourinhenses.<\/p>\n\n\n\n<p>Outro poss\u00edvel candidato para o pleito em 2024 \u00e9 M\u00e1rio Ferreira, bio-m\u00e9dico e empres\u00e1rio, que na \u00faltima elei\u00e7\u00e3o para o executivo municipal representou o PT e ficou em 3\u00aa coloca\u00e7\u00e3o. M\u00e1rio busca filiar-se a um novo partido para ter a oportunidade de ser indicado \u00e0 disputa. Entre os partidos cogitados est\u00e3o a Rede Sustentabilidade, o PSOL e o PDT.<\/p>\n\n\n\n<p>A elei\u00e7\u00e3o ocorre em outubro de 2024, mas aparentemente a campanha j\u00e1 come\u00e7ou, mesmo que de forma dissimulada. A popula\u00e7\u00e3o aguarda ansiosa para ver oficializados os candidatos, conhecer as propostas que trar\u00e3o para Ourinhos e, principalmente, se essas propostas ser\u00e3o cumpridas.<\/p>\n<input type=\"hidden\" id=\"baseurl\" value=\"https:\/\/noticiasregionais.com.br\"><input type=\"hidden\" id=\"audio_nonce\" value=\"533fbb67b1\">","protected":false},"excerpt":{"rendered":"<p>Cena atual aponta para cinco poss\u00edveis candidaturas ao executivo de Ourinhos. O PSD anunciou Caio Lima como candidato, visando dar&hellip;<\/p>\n","protected":false},"author":1,"featured_media":1514,"comment_status":"closed","ping_status":"open","sticky":false,"template":"","format":"standard","meta":{"sfsi_plus_gutenberg_text_before_share":"","sfsi_plus_gutenberg_show_text_before_share":"","sfsi_plus_gutenberg_icon_type":"","sfsi_plus_gutenberg_icon_alignemt":"","sfsi_plus_gutenburg_max_per_row":"","footnotes":""},"categories":[5,12,1],"tags":[],"class_list":["post-1513","post","type-post","status-publish","format-standard","has-post-thumbnail","hentry","category-ourinhos","category-capa","category-noticias"],"_links":{"self":[{"href":"https:\/\/noticiasregionais.com.br\/index.php?rest_route=\/wp\/v2\/posts\/1513","targetHints":{"allow":["GET"]}}],"collection":[{"href":"https:\/\/noticiasregionais.com.br\/index.php?rest_route=\/wp\/v2\/posts"}],"about":[{"href":"https:\/\/noticiasregionais.com.br\/index.php?rest_route=\/wp\/v2\/types\/post"}],"author":[{"embeddable":true,"href":"https:\/\/noticiasregionais.com.br\/index.php?rest_route=\/wp\/v2\/users\/1"}],"replies":[{"embeddable":true,"href":"https:\/\/noticiasregionais.com.br\/index.php?rest_route=%2Fwp%2Fv2%2Fcomments&post=1513"}],"version-history":[{"count":2,"href":"https:\/\/noticiasregionais.com.br\/index.php?rest_route=\/wp\/v2\/posts\/1513\/revisions"}],"predecessor-version":[{"id":1516,"href":"https:\/\/noticiasregionais.com.br\/index.php?rest_route=\/wp\/v2\/posts\/1513\/revisions\/1516"}],"wp:featuredmedia":[{"embeddable":true,"href":"https:\/\/noticiasregionais.com.br\/index.php?rest_route=\/wp\/v2\/media\/1514"}],"wp:attachment":[{"href":"https:\/\/noticiasregionais.com.br\/index.php?rest_route=%2Fwp%2Fv2%2Fmedia&parent=1513"}],"wp:term":[{"taxonomy":"category","embeddable":true,"href":"https:\/\/noticiasregionais.com.br\/index.php?rest_route=%2Fwp%2Fv2%2Fcategories&post=1513"},{"taxonomy":"post_tag","embeddable":true,"href":"https:\/\/noticiasregionais.com.br\/index.php?rest_route=%2Fwp%2Fv2%2Ftags&post=1513"}],"curies":[{"name":"wp","href":"https:\/\/api.w.org\/{rel}","templated":true}]}}