{"id":1520,"date":"2023-12-14T22:21:25","date_gmt":"2023-12-15T01:21:25","guid":{"rendered":"https:\/\/noticiasregionais.com.br\/?p=1520"},"modified":"2023-12-14T22:21:27","modified_gmt":"2023-12-15T01:21:27","slug":"candidatos-a-lista-remanescente-do-fies-devem-comprovar-informacoes-da-inscricao-ate-o-dia-18","status":"publish","type":"post","link":"https:\/\/noticiasregionais.com.br\/?p=1520","title":{"rendered":"Candidatos \u00e0 lista remanescente do Fies devem comprovar informa\u00e7\u00f5es da inscri\u00e7\u00e3o at\u00e9 o dia 18"},"content":{"rendered":"\n<p class=\"has-text-align-center\"><strong>Para fornecer todos os dados, os estudantes precisam comparecer \u00e0 institui\u00e7\u00e3o de ensino em que foram aprovados<\/strong><\/p>\n\n\n\n<p>Os candidatos que n\u00e3o conseguiram passar no processo seletivo regular do Fundo de Financiamento Estudantil (Fies) \u2014 e tiveram uma segunda chance \u2014&nbsp;t\u00eam at\u00e9 o dia 18 para comprovar nas institui\u00e7\u00f5es em que foram aprovados para&nbsp;as informa\u00e7\u00f5es. De acordo com o Minist\u00e9rio da Educa\u00e7\u00e3o (MEC), s\u00e3o mais de 60 mil vagas remanescentes para estudantes j\u00e1 matriculados. Puderam participar estudantes que se enquadravam em crit\u00e9rios como renda familiar mensal bruta per capita de at\u00e9 tr\u00eas sal\u00e1rios m\u00ednimos. A professora e doutoranda em Economia Pol\u00edtica pela Universidade de Coimbra, Portugal, Jaqueline Damasceno, explica como esse programa promove o acesso \u00e0 educa\u00e7\u00e3o superior. &nbsp;<\/p>\n\n\n\n<p>\u201cComo eu n\u00e3o consigo acessar com a poupan\u00e7a pr\u00e9via, eu conseguiria fazer isso com a poupan\u00e7a futura. Com a forma\u00e7\u00e3o, com o aumento do investimento em capital humano que esse indiv\u00edduo obt\u00e9m nos anos que passa na universidade, tendo uma profiss\u00e3o que o qualifica a elevar o seu n\u00edvel de renda \u2014 agora sim, ele teria renda dispon\u00edvel para conseguir pagar por esse servi\u00e7o\u201d, explica.<\/p>\n\n\n\n<p>A convoca\u00e7\u00e3o pela lista de espera tem o objetivo de preencher as vagas que n\u00e3o foram ocupadas ap\u00f3s o resultado da sele\u00e7\u00e3o. Para acompanhar a situa\u00e7\u00e3o, os candidatos podem conferir a convoca\u00e7\u00e3o pelo\u202f<a href=\"https:\/\/acessounico.mec.gov.br\/fies\" target=\"_blank\" rel=\"noopener\">Portal\u202fde Acesso \u00danico ao Ensino Superior<\/a> at\u00e9 18 de dezembro. Os estudantes ser\u00e3o chamados conforme a classifica\u00e7\u00e3o.&nbsp;<\/p>\n\n\n\n<p>Para o estudante do curso de Cinema e M\u00eddias Digitais&nbsp;Felipe Gomes, o Fies \u00e9 uma oportunidade de ingressar na universidade. \u201cEu decidi optar pelo Fies, pela comodidade de poder pagar o financiamento ap\u00f3s concluir o curso. Acredito que seja de extrema import\u00e2ncia para auxiliar o acesso \u00e0s faculdades, para quem ainda n\u00e3o est\u00e1 no mercado de trabalho\u201d, ressalta.<\/p>\n\n\n\n<p>Segundo informa\u00e7\u00f5es do Minist\u00e9rio da Educa\u00e7\u00e3o, a lista de espera \u00e9 autom\u00e1tica para quem n\u00e3o foi pr\u00e9-selecionado na chamada \u00fanica do processo seletivo. Esse alunos poder\u00e3o contratar o financiamento\u202fj\u00e1 com\u202fabrang\u00eancia\u202fa partir de julho de 2023\u202f\u2014\u202fou seja,\u202fcom o\u202fFies\u202fVagas Remanescentes,\u202ftodo o segundo semestre de 2023 ter\u00e1 a oportunidade de ser financiado, mesmo para os inadimplentes na institui\u00e7\u00e3o de ensino. Nesse caso, se o estudante preferir, pode\u202fat\u00e9\u202freaver valores j\u00e1 pagos\u202fdurante esse per\u00edodo.<\/p>\n\n\n\n<p>Fonte: <a href=\"https:\/\/brasil61.com\/n\/candidatos-a-lista-remanescente-do-fies-devem-comprovar-informacoes-da-inscricao-ate-o-dia-18-bras2310415\" target=\"_blank\" rel=\"noreferrer noopener\">Brasil 61<\/a><\/p>\n<input type=\"hidden\" id=\"baseurl\" value=\"https:\/\/noticiasregionais.com.br\"><input type=\"hidden\" id=\"audio_nonce\" value=\"533fbb67b1\">","protected":false},"excerpt":{"rendered":"<p>Para fornecer todos os dados, os estudantes precisam comparecer \u00e0 institui\u00e7\u00e3o de ensino em que foram aprovados Os candidatos que&hellip;<\/p>\n","protected":false},"author":1,"featured_media":1521,"comment_status":"closed","ping_status":"open","sticky":false,"template":"","format":"standard","meta":{"sfsi_plus_gutenberg_text_before_share":"","sfsi_plus_gutenberg_show_text_before_share":"","sfsi_plus_gutenberg_icon_type":"","sfsi_plus_gutenberg_icon_alignemt":"","sfsi_plus_gutenburg_max_per_row":"","footnotes":""},"categories":[8,10,1],"tags":[],"class_list":["post-1520","post","type-post","status-publish","format-standard","has-post-thumbnail","hentry","category-brasil","category-destaques","category-noticias"],"_links":{"self":[{"href":"https:\/\/noticiasregionais.com.br\/index.php?rest_route=\/wp\/v2\/posts\/1520","targetHints":{"allow":["GET"]}}],"collection":[{"href":"https:\/\/noticiasregionais.com.br\/index.php?rest_route=\/wp\/v2\/posts"}],"about":[{"href":"https:\/\/noticiasregionais.com.br\/index.php?rest_route=\/wp\/v2\/types\/post"}],"author":[{"embeddable":true,"href":"https:\/\/noticiasregionais.com.br\/index.php?rest_route=\/wp\/v2\/users\/1"}],"replies":[{"embeddable":true,"href":"https:\/\/noticiasregionais.com.br\/index.php?rest_route=%2Fwp%2Fv2%2Fcomments&post=1520"}],"version-history":[{"count":1,"href":"https:\/\/noticiasregionais.com.br\/index.php?rest_route=\/wp\/v2\/posts\/1520\/revisions"}],"predecessor-version":[{"id":1522,"href":"https:\/\/noticiasregionais.com.br\/index.php?rest_route=\/wp\/v2\/posts\/1520\/revisions\/1522"}],"wp:featuredmedia":[{"embeddable":true,"href":"https:\/\/noticiasregionais.com.br\/index.php?rest_route=\/wp\/v2\/media\/1521"}],"wp:attachment":[{"href":"https:\/\/noticiasregionais.com.br\/index.php?rest_route=%2Fwp%2Fv2%2Fmedia&parent=1520"}],"wp:term":[{"taxonomy":"category","embeddable":true,"href":"https:\/\/noticiasregionais.com.br\/index.php?rest_route=%2Fwp%2Fv2%2Fcategories&post=1520"},{"taxonomy":"post_tag","embeddable":true,"href":"https:\/\/noticiasregionais.com.br\/index.php?rest_route=%2Fwp%2Fv2%2Ftags&post=1520"}],"curies":[{"name":"wp","href":"https:\/\/api.w.org\/{rel}","templated":true}]}}