{"id":1523,"date":"2023-12-15T08:52:46","date_gmt":"2023-12-15T11:52:46","guid":{"rendered":"https:\/\/noticiasregionais.com.br\/?p=1523"},"modified":"2023-12-15T08:52:49","modified_gmt":"2023-12-15T11:52:49","slug":"canitar-em-meio-a-tormenta-politica-quatro-candidatos-e-o-desafio-da-escolha-municipal","status":"publish","type":"post","link":"https:\/\/noticiasregionais.com.br\/?p=1523","title":{"rendered":"Canitar em Meio \u00e0 Tormenta Pol\u00edtica: Quatro Candidatos e o Desafio da Escolha Municipal"},"content":{"rendered":"\n<p>O munic\u00edpio de Canitar se v\u00ea mergulhado em uma atmosfera pol\u00edtica tumultuada, \u00e0 medida que se aproxima o pleito eleitoral. Com quatro figuras em destaque, a cidade enfrenta incertezas sobre quem guiar\u00e1 os destinos locais nos pr\u00f3ximos anos, deixando a popula\u00e7\u00e3o em meio a um turbilh\u00e3o de expectativas e preocupa\u00e7\u00f5es.<\/p>\n\n\n\n<p>Joel, o atual prefeito, lan\u00e7a-se na corrida pela reelei\u00e7\u00e3o, apesar de ser alvo de cr\u00edticas acirradas de parte da popula\u00e7\u00e3o. As obras inacabadas e as reclama\u00e7\u00f5es sobre a assist\u00eancia social sob sua gest\u00e3o alimentam a insatisfa\u00e7\u00e3o entre os cidad\u00e3os. Seu vice, Angelico Mendes, figura que permaneceu afastada durante grande parte do mandato devido a diverg\u00eancias com Joel, surpreende ao manifestar a inten\u00e7\u00e3o de ingressar na disputa, deixando muitos a se perguntar se de fato ele sair\u00e1 candidato a prefeito, dada a sua neutralidade durante toda a gest\u00e3o de Joel.<\/p>\n\n\n\n<p>Contudo, a trama ganha complexidade quando Joel, em busca de um novo vice, especula a poss\u00edvel candidatura de Z\u00e9 Sabino. Este, al\u00e9m de ter sido derrotado nas elei\u00e7\u00f5es de 2020, carrega consigo um hist\u00f3rico controverso. Sabino foi respons\u00e1vel pelo afastamento de M\u00e1rcio Burguinha do cargo de prefeito de Chavantes, enfrentando acusa\u00e7\u00f5es de poss\u00edvel crime eleitoral e fraude em licita\u00e7\u00e3o. O seu envolvimento em tais esc\u00e2ndalos compromete sua reputa\u00e7\u00e3o, especialmente entre os eleitores de orienta\u00e7\u00e3o conservadora e evang\u00e9lica.<\/p>\n\n\n\n<p>Entra em cena tamb\u00e9m Anibal Feliciano, ex-prefeito que recentemente se viu livre de uma condena\u00e7\u00e3o por enriquecimento il\u00edcito no Supremo Tribunal Federal. Com o olhar voltado para o retorno ao poder, Feliciano cogita Angelico Mendes como vice, desencadeando descontentamentos dentro do grupo pol\u00edtico do atual vice-prefeito. Membros desse grupo, por outro lado, n\u00e3o concordam que Angelico ceda e aceite ser vice, pois acreditam que Canitar precisa de uma nova lideran\u00e7a, e veem em Angelico o nome certo para liderar a cidade.<\/p>\n\n\n\n<p>Diante desse cen\u00e1rio, a pergunta que paira sobre a popula\u00e7\u00e3o \u00e9: o destino de Canitar estar\u00e1 nas m\u00e3os de Joel, Angelico Mendes, Z\u00e9 Sabino ou Anibal Feliciano? Cada um desses candidatos traz consigo vis\u00f5es distintas para o futuro da cidade, e a escolha dos eleitores ser\u00e1 determinante para moldar o caminho que Canitar seguir\u00e1 nos pr\u00f3ximos anos. O desafio pol\u00edtico se revela n\u00e3o apenas como uma elei\u00e7\u00e3o, mas como um divisor de \u00e1guas que definir\u00e1 o rumo do munic\u00edpio e o bem-estar de seus habitantes. A jornada eleitoral de Canitar, sem d\u00favida, se apresenta como um cap\u00edtulo crucial na hist\u00f3ria da cidade, com desdobramentos que ecoar\u00e3o por muito tempo.<\/p>\n<input type=\"hidden\" id=\"baseurl\" value=\"https:\/\/noticiasregionais.com.br\"><input type=\"hidden\" id=\"audio_nonce\" value=\"533fbb67b1\">","protected":false},"excerpt":{"rendered":"<p>O munic\u00edpio de Canitar se v\u00ea mergulhado em uma atmosfera pol\u00edtica tumultuada, \u00e0 medida que se aproxima o pleito eleitoral.&hellip;<\/p>\n","protected":false},"author":1,"featured_media":1524,"comment_status":"closed","ping_status":"open","sticky":false,"template":"","format":"standard","meta":{"sfsi_plus_gutenberg_text_before_share":"","sfsi_plus_gutenberg_show_text_before_share":"","sfsi_plus_gutenberg_icon_type":"","sfsi_plus_gutenberg_icon_alignemt":"","sfsi_plus_gutenburg_max_per_row":"","footnotes":""},"categories":[6,12,1],"tags":[],"class_list":["post-1523","post","type-post","status-publish","format-standard","has-post-thumbnail","hentry","category-sao_paulo","category-capa","category-noticias"],"_links":{"self":[{"href":"https:\/\/noticiasregionais.com.br\/index.php?rest_route=\/wp\/v2\/posts\/1523","targetHints":{"allow":["GET"]}}],"collection":[{"href":"https:\/\/noticiasregionais.com.br\/index.php?rest_route=\/wp\/v2\/posts"}],"about":[{"href":"https:\/\/noticiasregionais.com.br\/index.php?rest_route=\/wp\/v2\/types\/post"}],"author":[{"embeddable":true,"href":"https:\/\/noticiasregionais.com.br\/index.php?rest_route=\/wp\/v2\/users\/1"}],"replies":[{"embeddable":true,"href":"https:\/\/noticiasregionais.com.br\/index.php?rest_route=%2Fwp%2Fv2%2Fcomments&post=1523"}],"version-history":[{"count":1,"href":"https:\/\/noticiasregionais.com.br\/index.php?rest_route=\/wp\/v2\/posts\/1523\/revisions"}],"predecessor-version":[{"id":1525,"href":"https:\/\/noticiasregionais.com.br\/index.php?rest_route=\/wp\/v2\/posts\/1523\/revisions\/1525"}],"wp:featuredmedia":[{"embeddable":true,"href":"https:\/\/noticiasregionais.com.br\/index.php?rest_route=\/wp\/v2\/media\/1524"}],"wp:attachment":[{"href":"https:\/\/noticiasregionais.com.br\/index.php?rest_route=%2Fwp%2Fv2%2Fmedia&parent=1523"}],"wp:term":[{"taxonomy":"category","embeddable":true,"href":"https:\/\/noticiasregionais.com.br\/index.php?rest_route=%2Fwp%2Fv2%2Fcategories&post=1523"},{"taxonomy":"post_tag","embeddable":true,"href":"https:\/\/noticiasregionais.com.br\/index.php?rest_route=%2Fwp%2Fv2%2Ftags&post=1523"}],"curies":[{"name":"wp","href":"https:\/\/api.w.org\/{rel}","templated":true}]}}