{"id":1526,"date":"2023-12-18T07:52:35","date_gmt":"2023-12-18T10:52:35","guid":{"rendered":"https:\/\/noticiasregionais.com.br\/?p=1526"},"modified":"2023-12-18T07:52:37","modified_gmt":"2023-12-18T10:52:37","slug":"ourinhense-organiza-campanha-para-arrecadar-alimentos-para-familias-carentes","status":"publish","type":"post","link":"https:\/\/noticiasregionais.com.br\/?p=1526","title":{"rendered":"Ourinhense organiza campanha para arrecadar alimentos para fam\u00edlias carentes"},"content":{"rendered":"\n<p>O ourinhense Felipe Morais e um grupo de amigos est\u00e3o organizando a campanha Natal Sem Fome, que tem como objetivo arrecadar alimentos para fam\u00edlias em situa\u00e7\u00e3o de vulnerabilidade social. Os alimentos arrecadados ser\u00e3o entregues \u00e0 Assist\u00eancia Social e entidades sem fins lucrativos da cidade.<\/p>\n\n\n\n<p>Os pontos de arrecada\u00e7\u00e3o s\u00e3o a Academia Mais Sa\u00fade, localizada na Rua Ant\u00f4nio Carlos Mori, 115 &#8211; Loja 14 no Centro de Ourinhos, e tamb\u00e9m na Ciclo Machado, com duas lojas: Rua do Expedicion\u00e1rio 758 e Avenida Jacinto S\u00e1 533. As doa\u00e7\u00f5es podem ser feitas at\u00e9 o dia 22 de dezembro.<\/p>\n\n\n\n<p>Em um momento de preocupa\u00e7\u00e3o com o aumento da fome e da pobreza no Brasil, o grupo busca fazer a sua parte para ajudar as fam\u00edlias que est\u00e3o passando por dificuldades. A campanha est\u00e1 recebendo o apoio de diversas pessoas e empresas de Ourinhos.<\/p>\n\n\n\n<p>Para doar, basta levar alimentos n\u00e3o perec\u00edveis aos pontos de arrecada\u00e7\u00e3o. Os itens mais necess\u00e1rios s\u00e3o arroz, feij\u00e3o, macarr\u00e3o, \u00f3leo, a\u00e7\u00facar, leite, caf\u00e9 e produtos de higiene pessoal.<\/p>\n\n\n\n<p>&#8220;Com a sua ajuda, podemos fazer um Natal mais feliz para muitas fam\u00edlias de Ourinhos.&#8221; enfatiza Felipe Morais.<\/p>\n\n\n<div class=\"wp-block-image\">\n<figure class=\"aligncenter size-large\"><img decoding=\"async\" width=\"1024\" height=\"768\" src=\"https:\/\/noticiasregionais.com.br\/wp-content\/uploads\/2023\/12\/Natal-sem-fome-1024x768.jpg\" alt=\"\" class=\"wp-image-1527\" srcset=\"https:\/\/noticiasregionais.com.br\/wp-content\/uploads\/2023\/12\/Natal-sem-fome-1024x768.jpg 1024w, https:\/\/noticiasregionais.com.br\/wp-content\/uploads\/2023\/12\/Natal-sem-fome-300x225.jpg 300w, https:\/\/noticiasregionais.com.br\/wp-content\/uploads\/2023\/12\/Natal-sem-fome-768x576.jpg 768w, https:\/\/noticiasregionais.com.br\/wp-content\/uploads\/2023\/12\/Natal-sem-fome.jpg 1333w\" sizes=\"(max-width: 1024px) 100vw, 1024px\" \/><\/figure>\n<\/div><input type=\"hidden\" id=\"baseurl\" value=\"https:\/\/noticiasregionais.com.br\"><input type=\"hidden\" id=\"audio_nonce\" value=\"533fbb67b1\">","protected":false},"excerpt":{"rendered":"<p>O ourinhense Felipe Morais e um grupo de amigos est\u00e3o organizando a campanha Natal Sem Fome, que tem como objetivo&hellip;<\/p>\n","protected":false},"author":1,"featured_media":1528,"comment_status":"closed","ping_status":"open","sticky":false,"template":"","format":"standard","meta":{"sfsi_plus_gutenberg_text_before_share":"","sfsi_plus_gutenberg_show_text_before_share":"","sfsi_plus_gutenberg_icon_type":"","sfsi_plus_gutenberg_icon_alignemt":"","sfsi_plus_gutenburg_max_per_row":"","footnotes":""},"categories":[5,12,1],"tags":[],"class_list":["post-1526","post","type-post","status-publish","format-standard","has-post-thumbnail","hentry","category-ourinhos","category-capa","category-noticias"],"_links":{"self":[{"href":"https:\/\/noticiasregionais.com.br\/index.php?rest_route=\/wp\/v2\/posts\/1526","targetHints":{"allow":["GET"]}}],"collection":[{"href":"https:\/\/noticiasregionais.com.br\/index.php?rest_route=\/wp\/v2\/posts"}],"about":[{"href":"https:\/\/noticiasregionais.com.br\/index.php?rest_route=\/wp\/v2\/types\/post"}],"author":[{"embeddable":true,"href":"https:\/\/noticiasregionais.com.br\/index.php?rest_route=\/wp\/v2\/users\/1"}],"replies":[{"embeddable":true,"href":"https:\/\/noticiasregionais.com.br\/index.php?rest_route=%2Fwp%2Fv2%2Fcomments&post=1526"}],"version-history":[{"count":1,"href":"https:\/\/noticiasregionais.com.br\/index.php?rest_route=\/wp\/v2\/posts\/1526\/revisions"}],"predecessor-version":[{"id":1529,"href":"https:\/\/noticiasregionais.com.br\/index.php?rest_route=\/wp\/v2\/posts\/1526\/revisions\/1529"}],"wp:featuredmedia":[{"embeddable":true,"href":"https:\/\/noticiasregionais.com.br\/index.php?rest_route=\/wp\/v2\/media\/1528"}],"wp:attachment":[{"href":"https:\/\/noticiasregionais.com.br\/index.php?rest_route=%2Fwp%2Fv2%2Fmedia&parent=1526"}],"wp:term":[{"taxonomy":"category","embeddable":true,"href":"https:\/\/noticiasregionais.com.br\/index.php?rest_route=%2Fwp%2Fv2%2Fcategories&post=1526"},{"taxonomy":"post_tag","embeddable":true,"href":"https:\/\/noticiasregionais.com.br\/index.php?rest_route=%2Fwp%2Fv2%2Ftags&post=1526"}],"curies":[{"name":"wp","href":"https:\/\/api.w.org\/{rel}","templated":true}]}}