{"id":153,"date":"2023-09-01T23:48:09","date_gmt":"2023-09-02T02:48:09","guid":{"rendered":"https:\/\/noticiasregionais.com.br\/?p=153"},"modified":"2023-09-01T23:49:57","modified_gmt":"2023-09-02T02:49:57","slug":"nivel-de-incerteza-economica-sobe-em-agosto-influenciado-por-ruidos-externos","status":"publish","type":"post","link":"https:\/\/noticiasregionais.com.br\/?p=153","title":{"rendered":"N\u00edvel de incerteza econ\u00f4mica sobe em agosto, influenciado por ru\u00eddos externos"},"content":{"rendered":"\n<p>A <a href=\"https:\/\/portalibre.fgv.br\/noticias\/nivel-de-incerteza-economica-sobe-em-agosto-influenciado-por-ruidos-externos\" target=\"_blank\" rel=\"noopener\">incerteza da economia<\/a> subiu 5,0 pontos em agosto, para 108,5 pontos, devolvendo parte das quedas observadas nos quatro meses anteriores.&nbsp;<\/p>\n\n\n\n<p>A incerteza da economia \u00e9 mensurada pelo seu indicador do Instituto Brasileiro de Economia, FGV-IBRE.&nbsp;<\/p>\n\n\n\n<p>O indicador \u00e9 composto por duas dimens\u00f5es: de m\u00eddia e de expectativas. Na primeira delas, \u00e9 mensurada a men\u00e7\u00e3o \u00e0 incerteza nas m\u00eddias impressa e online e a segunda a partir da m\u00e9dia dos coeficientes de varia\u00e7\u00e3o das previs\u00f5es dos analistas econ\u00f4micos.&nbsp;<\/p>\n\n\n\n<p>Em agosto, a incerteza da m\u00eddia subiu e o componente das expectativas econ\u00f4micas recuou, o que contribuiu para o resultado ruim registrado no m\u00eas.&nbsp;<\/p>\n\n\n\n<p>Apenas mar\u00e7o de 2023 havia apresentado a mesma alta e este \u00e9 o maior crescimento da incerteza em 2 anos.&nbsp;<\/p>\n\n\n\n<p>Segundo especialistas da Funda\u00e7\u00e3o Get\u00falio Vargas, a incerteza econ\u00f4mica havia chegado ao menor \u00edndice desde 2017 e o ru\u00eddo externo atual ocorre especialmente com incertezas acerca da atividade econ\u00f4mica dos Estados Unidos e da China, que s\u00e3o as maiores economias globais.&nbsp;<\/p>\n\n\n\n<p>D\u00favidas tamb\u00e9m existem sobre os ambientes econ\u00f4micos e pol\u00edticos da Argentina, que \u00e9 um dos maiores parceiros comerciais brasileiros.&nbsp;<\/p>\n\n\n\n<p>\u00c9 necess\u00e1rio aguardar as tend\u00eancias dos pr\u00f3ximos meses para identificar se o indicador de incerteza permanecer\u00e1 em n\u00edveis de alerta para a economia brasileira.<br>&nbsp;<\/p>\n\n\n\n<p>Fonte: <a href=\"https:\/\/brasil61.com\/n\/nivel-de-incerteza-economica-sobe-em-agosto-influenciado-por-ruidos-externos-bras239429\" target=\"_blank\" rel=\"noreferrer noopener\">Brasil 61<\/a><\/p>\n<input type=\"hidden\" id=\"baseurl\" value=\"https:\/\/noticiasregionais.com.br\"><input type=\"hidden\" id=\"audio_nonce\" value=\"533fbb67b1\">","protected":false},"excerpt":{"rendered":"<p>A incerteza da economia subiu 5,0 pontos em agosto, para 108,5 pontos, devolvendo parte das quedas observadas nos quatro meses&hellip;<\/p>\n","protected":false},"author":1,"featured_media":154,"comment_status":"closed","ping_status":"open","sticky":false,"template":"","format":"standard","meta":{"sfsi_plus_gutenberg_text_before_share":"","sfsi_plus_gutenberg_show_text_before_share":"","sfsi_plus_gutenberg_icon_type":"","sfsi_plus_gutenberg_icon_alignemt":"","sfsi_plus_gutenburg_max_per_row":"","footnotes":""},"categories":[8,10,1],"tags":[],"class_list":["post-153","post","type-post","status-publish","format-standard","has-post-thumbnail","hentry","category-brasil","category-destaques","category-noticias"],"_links":{"self":[{"href":"https:\/\/noticiasregionais.com.br\/index.php?rest_route=\/wp\/v2\/posts\/153","targetHints":{"allow":["GET"]}}],"collection":[{"href":"https:\/\/noticiasregionais.com.br\/index.php?rest_route=\/wp\/v2\/posts"}],"about":[{"href":"https:\/\/noticiasregionais.com.br\/index.php?rest_route=\/wp\/v2\/types\/post"}],"author":[{"embeddable":true,"href":"https:\/\/noticiasregionais.com.br\/index.php?rest_route=\/wp\/v2\/users\/1"}],"replies":[{"embeddable":true,"href":"https:\/\/noticiasregionais.com.br\/index.php?rest_route=%2Fwp%2Fv2%2Fcomments&post=153"}],"version-history":[{"count":1,"href":"https:\/\/noticiasregionais.com.br\/index.php?rest_route=\/wp\/v2\/posts\/153\/revisions"}],"predecessor-version":[{"id":155,"href":"https:\/\/noticiasregionais.com.br\/index.php?rest_route=\/wp\/v2\/posts\/153\/revisions\/155"}],"wp:featuredmedia":[{"embeddable":true,"href":"https:\/\/noticiasregionais.com.br\/index.php?rest_route=\/wp\/v2\/media\/154"}],"wp:attachment":[{"href":"https:\/\/noticiasregionais.com.br\/index.php?rest_route=%2Fwp%2Fv2%2Fmedia&parent=153"}],"wp:term":[{"taxonomy":"category","embeddable":true,"href":"https:\/\/noticiasregionais.com.br\/index.php?rest_route=%2Fwp%2Fv2%2Fcategories&post=153"},{"taxonomy":"post_tag","embeddable":true,"href":"https:\/\/noticiasregionais.com.br\/index.php?rest_route=%2Fwp%2Fv2%2Ftags&post=153"}],"curies":[{"name":"wp","href":"https:\/\/api.w.org\/{rel}","templated":true}]}}