{"id":1530,"date":"2023-12-18T08:13:09","date_gmt":"2023-12-18T11:13:09","guid":{"rendered":"https:\/\/noticiasregionais.com.br\/?p=1530"},"modified":"2023-12-18T08:13:21","modified_gmt":"2023-12-18T11:13:21","slug":"forca-tatica-do-31o-batalhao-de-policia-militar-do-interior-realiza-prisao-por-trafico-de-drogas","status":"publish","type":"post","link":"https:\/\/noticiasregionais.com.br\/?p=1530","title":{"rendered":"For\u00e7a T\u00e1tica do 31\u00ba Batalh\u00e3o de Pol\u00edcia Militar do Interior realiza pris\u00e3o por tr\u00e1fico de drogas"},"content":{"rendered":"\n<p>Na noite de Domingo, 17 de dezembro, a equipe da For\u00e7a T\u00e1tica do 31\u00ba Batalh\u00e3o de Pol\u00edcia Militar do Interior realizou a pris\u00e3o de um indiv\u00edduo na rua Gaspar Ricardo, sob a acusa\u00e7\u00e3o de tr\u00e1fico de drogas. A a\u00e7\u00e3o ocorreu durante um patrulhamento t\u00e1tico, quando os policiais visualizaram um homem no meio da rua. Ao perceber a presen\u00e7a policial, o suspeito tentou fugir em dire\u00e7\u00e3o a um ve\u00edculo estacionado, lan\u00e7ando um embrulho no processo.<\/p>\n\n\n\n<p>Durante a abordagem, os policiais realizaram uma busca pessoal no indiv\u00edduo, resultando na apreens\u00e3o de dinheiro e um aparelho celular. No entanto, a revista no ve\u00edculo, para onde o suspeito havia atirado o embrulho, revelou a presen\u00e7a de subst\u00e2ncias il\u00edcitas, caracterizando o crime de tr\u00e1fico de drogas.<\/p>\n\n\n\n<p>Diante dos fatos, a ocorr\u00eancia foi encaminhada \u00e0 Central de Pol\u00edcia Judici\u00e1ria de Ourinhos, onde o indiv\u00edduo permaneceu sob cust\u00f3dia. A a\u00e7\u00e3o eficaz da For\u00e7a T\u00e1tica demonstra o comprometimento das for\u00e7as policiais no combate ao tr\u00e1fico de drogas e na manuten\u00e7\u00e3o da seguran\u00e7a p\u00fablica na regi\u00e3o.<\/p>\n\n\n\n<p>A Pol\u00edcia Militar ressalta a import\u00e2ncia da atua\u00e7\u00e3o preventiva e proativa para coibir atividades criminosas, garantindo a tranquilidade e a integridade da comunidade. A colabora\u00e7\u00e3o da popula\u00e7\u00e3o ao denunciar atividades suspeitas \u00e9 fundamental para o sucesso dessas opera\u00e7\u00f5es, permitindo uma resposta r\u00e1pida e eficiente por parte das autoridades.<\/p>\n<input type=\"hidden\" id=\"baseurl\" value=\"https:\/\/noticiasregionais.com.br\"><input type=\"hidden\" id=\"audio_nonce\" value=\"533fbb67b1\">","protected":false},"excerpt":{"rendered":"<p>Na noite de Domingo, 17 de dezembro, a equipe da For\u00e7a T\u00e1tica do 31\u00ba Batalh\u00e3o de Pol\u00edcia Militar do Interior&hellip;<\/p>\n","protected":false},"author":1,"featured_media":1531,"comment_status":"closed","ping_status":"open","sticky":false,"template":"","format":"standard","meta":{"sfsi_plus_gutenberg_text_before_share":"","sfsi_plus_gutenberg_show_text_before_share":"","sfsi_plus_gutenberg_icon_type":"","sfsi_plus_gutenberg_icon_alignemt":"","sfsi_plus_gutenburg_max_per_row":"","footnotes":""},"categories":[5,10,1],"tags":[],"class_list":["post-1530","post","type-post","status-publish","format-standard","has-post-thumbnail","hentry","category-ourinhos","category-destaques","category-noticias"],"_links":{"self":[{"href":"https:\/\/noticiasregionais.com.br\/index.php?rest_route=\/wp\/v2\/posts\/1530","targetHints":{"allow":["GET"]}}],"collection":[{"href":"https:\/\/noticiasregionais.com.br\/index.php?rest_route=\/wp\/v2\/posts"}],"about":[{"href":"https:\/\/noticiasregionais.com.br\/index.php?rest_route=\/wp\/v2\/types\/post"}],"author":[{"embeddable":true,"href":"https:\/\/noticiasregionais.com.br\/index.php?rest_route=\/wp\/v2\/users\/1"}],"replies":[{"embeddable":true,"href":"https:\/\/noticiasregionais.com.br\/index.php?rest_route=%2Fwp%2Fv2%2Fcomments&post=1530"}],"version-history":[{"count":1,"href":"https:\/\/noticiasregionais.com.br\/index.php?rest_route=\/wp\/v2\/posts\/1530\/revisions"}],"predecessor-version":[{"id":1532,"href":"https:\/\/noticiasregionais.com.br\/index.php?rest_route=\/wp\/v2\/posts\/1530\/revisions\/1532"}],"wp:featuredmedia":[{"embeddable":true,"href":"https:\/\/noticiasregionais.com.br\/index.php?rest_route=\/wp\/v2\/media\/1531"}],"wp:attachment":[{"href":"https:\/\/noticiasregionais.com.br\/index.php?rest_route=%2Fwp%2Fv2%2Fmedia&parent=1530"}],"wp:term":[{"taxonomy":"category","embeddable":true,"href":"https:\/\/noticiasregionais.com.br\/index.php?rest_route=%2Fwp%2Fv2%2Fcategories&post=1530"},{"taxonomy":"post_tag","embeddable":true,"href":"https:\/\/noticiasregionais.com.br\/index.php?rest_route=%2Fwp%2Fv2%2Ftags&post=1530"}],"curies":[{"name":"wp","href":"https:\/\/api.w.org\/{rel}","templated":true}]}}