{"id":1533,"date":"2023-12-18T08:34:33","date_gmt":"2023-12-18T11:34:33","guid":{"rendered":"https:\/\/noticiasregionais.com.br\/?p=1533"},"modified":"2023-12-18T08:34:44","modified_gmt":"2023-12-18T11:34:44","slug":"quase-metade-dos-monitorados-por-tornozeleira-sao-acusados-de-violencia-contra-a-mulher","status":"publish","type":"post","link":"https:\/\/noticiasregionais.com.br\/?p=1533","title":{"rendered":"Quase metade dos monitorados por tornozeleira s\u00e3o acusados de viol\u00eancia contra a mulher"},"content":{"rendered":"\n<p class=\"has-text-align-center\"><strong>\u200cDo total de 123 criminosos soltos em audi\u00eancias de cust\u00f3dia e que usam o equipamento, 57 respondem por viol\u00eancia dom\u00e9stica<\/strong><\/p>\n\n\n\n<p>\u200cQuase metade dos criminosos soltos em audi\u00eancias de cust\u00f3dia e que s\u00e3o monitorados com tornozeleira eletr\u00f4nica foram acusados de viol\u00eancia dom\u00e9stica. Desde o dia 11 de setembro, quando teve in\u00edcio o monitoramento, at\u00e9 o dia 8 de dezembro, 123 pessoas passaram a usar a tornozeleira, sendo 57 homens por viol\u00eancia contra a mulher.<\/p>\n\n\n\n<p>\u200cDo total de monitorados, quatro foram presos em flagrante por descumprirem a medida protetiva, que \u00e9 uma prote\u00e7\u00e3o prevista em lei para a mulher que se encontra em situa\u00e7\u00e3o de viol\u00eancia dom\u00e9stica.<\/p>\n\n\n\n<p>\u200cDesde setembro, os acusados soltos em audi\u00eancias de cust\u00f3dia na capital s\u00e3o monitorados com tornozeleiras eletr\u00f4nicas. Foram disponibilizadas 200 tornozeleiras, por meio de uma parceria entre as Secretarias de Estado da Seguran\u00e7a P\u00fablica e da Administra\u00e7\u00e3o Penitenci\u00e1ria.<\/p>\n\n\n\n<p>\u200cInicialmente, o sistema monitora apenas pessoas detidas na capital paulista, mas ser\u00e1 expandido para outras regi\u00f5es do Estado. Al\u00e9m dos acusados de viol\u00eancia dom\u00e9stica, o tornozelamento est\u00e1 dispon\u00edvel para criminosos que j\u00e1 foram presos mais de uma vez como forma de reduzir a reincid\u00eancia criminal durante o cumprimento de penas ou medidas alternativas \u00e0 pris\u00e3o.<\/p>\n\n\n\n<p>\u200cA coordenadora das Delegacias de Defesa da Mulher do Estado de S\u00e3o Paulo, Jamila Jorge Ferrari, considera positivo o resultado do projeto. \u201cN\u00f3s salvamos a vida de quatro mulheres, porque se est\u00e1 descumprindo a medida protetiva, talvez estivesse com uma inten\u00e7\u00e3o de cometer um crime mais grave contra essa mulher\u201d, afirma.<\/p>\n\n\n\n<p>\u200cA partir do momento em que o agressor \u00e9 monitorado com a tornozeleira, se ele se aproximar da v\u00edtima, automaticamente as for\u00e7as policiais ser\u00e3o acionadas. Jamila destaca que a pris\u00e3o desses quatro agressores comprova que o projeto funciona.<\/p>\n\n\n\n<p>\u200c\u201cQuatro agressores que talvez n\u00e3o tenham entendido a import\u00e2ncia do que foi falado para eles. Talvez n\u00e3o tenham acreditado que de fato a Pol\u00edcia Militar estava de olho e que ao tentarem a sorte foram presos em flagrante\u201d.<\/p>\n\n\n\n<p>\u200cA coordenadora das Delegacias de Defesa da Mulher do Estado de S\u00e3o Paulo refor\u00e7a que o monitoramento de acusados de viol\u00eancia dom\u00e9stica \u00e9 uma das ferramentas que faltavam para conseguir colocar em pr\u00e1tica a efetiva prote\u00e7\u00e3o da mulher.<\/p>\n\n\n\n<p>\u200c\u201c\u00c9 uma iniciativa important\u00edssima, traz para essa mulher uma maior sensa\u00e7\u00e3o de seguran\u00e7a, porque ela sabe que ele est\u00e1 sendo monitorado. Com isso, pode se sentir segura para sair de casa para trabalhar e estudar. Ao mesmo tempo, tamb\u00e9m mostra para esse agressor que se ele tentar algo ser\u00e1 preso em flagrante\u201d, diz.<\/p>\n\n\n\n<p>\u200cMas a delegada ressalta a import\u00e2ncia da v\u00edtima de viol\u00eancia dom\u00e9stica registrar uma den\u00fancia contra seu agressor. \u201cA partir do momento em que essa v\u00edtima faz a den\u00fancia, ou seja, vai at\u00e9 uma delegacia de pol\u00edcia, registra um boletim de ocorr\u00eancia e solicita a medida protetiva, essa v\u00edtima passa a ter \u00e0 sua disposi\u00e7\u00e3o diversas ferramentas de prote\u00e7\u00e3o\u201d, explica.<\/p>\n\n\n\n<p><strong>S\u00e3o Paulo \u00e9 o trabalho que d\u00e1 certo!<\/strong><\/p>\n\n\n\n<p>Em seu primeiro ano de gest\u00e3o, o governo do Estado de S\u00e3o Paulo fortaleceu sua miss\u00e3o de promover servi\u00e7os de qualidade \u00e0 popula\u00e7\u00e3o, guiado por pilares como o desenvolvimento, o di\u00e1logo e a garantia de dignidade para as pessoas. No per\u00edodo, foram entregues 18.400 moradias. Al\u00e9m disso, foram conclu\u00eddas 2.740 obras, que incluem a recupera\u00e7\u00e3o de 6.400 km de rodovias. Na educa\u00e7\u00e3o, 848 escolas foram reformadas, e 25 creches foram inauguradas. Na sa\u00fade, foram abertos 1.500 leitos, equivalente a sete hospitais, e realizadas 1 milh\u00e3o de cirurgias eletivas. Na seguran\u00e7a, todos os \u00edndices de produtividade policial registraram melhorias em rela\u00e7\u00e3o a 2022, com aumentos de 17% na apreens\u00e3o de drogas, 11% de armas, 9% de ve\u00edculos e 5,4% de pris\u00f5es. Mais 25 unidades do Poupatempo passaram a atender mais 1,2 milh\u00e3o de pessoas mensalmente. Entre tantas conquistas, somou-se a aprova\u00e7\u00e3o da desestatiza\u00e7\u00e3o da Sabesp, que ser\u00e1 fundamental para antecipar a universaliza\u00e7\u00e3o do saneamento e a expans\u00e3o do acesso \u00e0 \u00e1gua, coleta e tratamento de esgoto para toda a popula\u00e7\u00e3o&nbsp;de&nbsp;S\u00e3o&nbsp;Paulo.<\/p>\n<input type=\"hidden\" id=\"baseurl\" value=\"https:\/\/noticiasregionais.com.br\"><input type=\"hidden\" id=\"audio_nonce\" value=\"533fbb67b1\">","protected":false},"excerpt":{"rendered":"<p>\u200cDo total de 123 criminosos soltos em audi\u00eancias de cust\u00f3dia e que usam o equipamento, 57 respondem por viol\u00eancia dom\u00e9stica&hellip;<\/p>\n","protected":false},"author":1,"featured_media":1534,"comment_status":"closed","ping_status":"open","sticky":false,"template":"","format":"standard","meta":{"sfsi_plus_gutenberg_text_before_share":"","sfsi_plus_gutenberg_show_text_before_share":"","sfsi_plus_gutenberg_icon_type":"","sfsi_plus_gutenberg_icon_alignemt":"","sfsi_plus_gutenburg_max_per_row":"","footnotes":""},"categories":[6,10,1],"tags":[],"class_list":["post-1533","post","type-post","status-publish","format-standard","has-post-thumbnail","hentry","category-sao_paulo","category-destaques","category-noticias"],"_links":{"self":[{"href":"https:\/\/noticiasregionais.com.br\/index.php?rest_route=\/wp\/v2\/posts\/1533","targetHints":{"allow":["GET"]}}],"collection":[{"href":"https:\/\/noticiasregionais.com.br\/index.php?rest_route=\/wp\/v2\/posts"}],"about":[{"href":"https:\/\/noticiasregionais.com.br\/index.php?rest_route=\/wp\/v2\/types\/post"}],"author":[{"embeddable":true,"href":"https:\/\/noticiasregionais.com.br\/index.php?rest_route=\/wp\/v2\/users\/1"}],"replies":[{"embeddable":true,"href":"https:\/\/noticiasregionais.com.br\/index.php?rest_route=%2Fwp%2Fv2%2Fcomments&post=1533"}],"version-history":[{"count":1,"href":"https:\/\/noticiasregionais.com.br\/index.php?rest_route=\/wp\/v2\/posts\/1533\/revisions"}],"predecessor-version":[{"id":1535,"href":"https:\/\/noticiasregionais.com.br\/index.php?rest_route=\/wp\/v2\/posts\/1533\/revisions\/1535"}],"wp:featuredmedia":[{"embeddable":true,"href":"https:\/\/noticiasregionais.com.br\/index.php?rest_route=\/wp\/v2\/media\/1534"}],"wp:attachment":[{"href":"https:\/\/noticiasregionais.com.br\/index.php?rest_route=%2Fwp%2Fv2%2Fmedia&parent=1533"}],"wp:term":[{"taxonomy":"category","embeddable":true,"href":"https:\/\/noticiasregionais.com.br\/index.php?rest_route=%2Fwp%2Fv2%2Fcategories&post=1533"},{"taxonomy":"post_tag","embeddable":true,"href":"https:\/\/noticiasregionais.com.br\/index.php?rest_route=%2Fwp%2Fv2%2Ftags&post=1533"}],"curies":[{"name":"wp","href":"https:\/\/api.w.org\/{rel}","templated":true}]}}