{"id":1536,"date":"2023-12-18T08:40:48","date_gmt":"2023-12-18T11:40:48","guid":{"rendered":"https:\/\/noticiasregionais.com.br\/?p=1536"},"modified":"2023-12-18T08:41:00","modified_gmt":"2023-12-18T11:41:00","slug":"falta-de-energia-eletrica-pode-causar-falta-de-agua-em-ourinhos","status":"publish","type":"post","link":"https:\/\/noticiasregionais.com.br\/?p=1536","title":{"rendered":"Falta de energia el\u00e9trica pode causar falta de \u00e1gua em Ourinhos"},"content":{"rendered":"\n<p>Uma manuten\u00e7\u00e3o programada pela CPFL na rede el\u00e9trica do Jardim S\u00e3o Jo\u00e3o, em Ourinhos, pode causar interrup\u00e7\u00e3o no fornecimento de \u00e1gua na Cohab, Vila Musa, Vila Odilon, S\u00e3o Jo\u00e3o, Pacheco Chaves e adjac\u00eancias.<\/p>\n\n\n\n<p>A falta de energia el\u00e9trica ocorre a partir das 8h30 desta segunda-feira (18) e deve ser normalizada o mais r\u00e1pido poss\u00edvel.<\/p>\n\n\n\n<p>A Superintendente de \u00c1gua e Esgoto (SAE) de Ourinhos informou que a interrup\u00e7\u00e3o no fornecimento de \u00e1gua se deve ao fato de que o reservat\u00f3rio da Vila S\u00e3o Jo\u00e3o \u00e9 abastecido por bombas el\u00e9tricas.<\/p>\n\n\n\n<p>A SAE pede a colabora\u00e7\u00e3o dos moradores da regi\u00e3o para que fa\u00e7am uso racional da \u00e1gua.<\/p>\n\n\n<div class=\"wp-block-image\">\n<figure class=\"aligncenter size-large\"><img decoding=\"async\" width=\"1024\" height=\"1024\" src=\"https:\/\/noticiasregionais.com.br\/wp-content\/uploads\/2023\/12\/WhatsApp-Image-2023-12-18-at-08.21.21-1024x1024.jpeg\" alt=\"\" class=\"wp-image-1538\" srcset=\"https:\/\/noticiasregionais.com.br\/wp-content\/uploads\/2023\/12\/WhatsApp-Image-2023-12-18-at-08.21.21-1024x1024.jpeg 1024w, https:\/\/noticiasregionais.com.br\/wp-content\/uploads\/2023\/12\/WhatsApp-Image-2023-12-18-at-08.21.21-300x300.jpeg 300w, https:\/\/noticiasregionais.com.br\/wp-content\/uploads\/2023\/12\/WhatsApp-Image-2023-12-18-at-08.21.21-150x150.jpeg 150w, https:\/\/noticiasregionais.com.br\/wp-content\/uploads\/2023\/12\/WhatsApp-Image-2023-12-18-at-08.21.21-768x768.jpeg 768w, https:\/\/noticiasregionais.com.br\/wp-content\/uploads\/2023\/12\/WhatsApp-Image-2023-12-18-at-08.21.21.jpeg 1080w\" sizes=\"(max-width: 1024px) 100vw, 1024px\" \/><\/figure>\n<\/div><input type=\"hidden\" id=\"baseurl\" value=\"https:\/\/noticiasregionais.com.br\"><input type=\"hidden\" id=\"audio_nonce\" value=\"533fbb67b1\">","protected":false},"excerpt":{"rendered":"<p>Uma manuten\u00e7\u00e3o programada pela CPFL na rede el\u00e9trica do Jardim S\u00e3o Jo\u00e3o, em Ourinhos, pode causar interrup\u00e7\u00e3o no fornecimento de&hellip;<\/p>\n","protected":false},"author":1,"featured_media":1537,"comment_status":"closed","ping_status":"open","sticky":false,"template":"","format":"standard","meta":{"sfsi_plus_gutenberg_text_before_share":"","sfsi_plus_gutenberg_show_text_before_share":"","sfsi_plus_gutenberg_icon_type":"","sfsi_plus_gutenberg_icon_alignemt":"","sfsi_plus_gutenburg_max_per_row":"","footnotes":""},"categories":[5,10,1],"tags":[],"class_list":["post-1536","post","type-post","status-publish","format-standard","has-post-thumbnail","hentry","category-ourinhos","category-destaques","category-noticias"],"_links":{"self":[{"href":"https:\/\/noticiasregionais.com.br\/index.php?rest_route=\/wp\/v2\/posts\/1536","targetHints":{"allow":["GET"]}}],"collection":[{"href":"https:\/\/noticiasregionais.com.br\/index.php?rest_route=\/wp\/v2\/posts"}],"about":[{"href":"https:\/\/noticiasregionais.com.br\/index.php?rest_route=\/wp\/v2\/types\/post"}],"author":[{"embeddable":true,"href":"https:\/\/noticiasregionais.com.br\/index.php?rest_route=\/wp\/v2\/users\/1"}],"replies":[{"embeddable":true,"href":"https:\/\/noticiasregionais.com.br\/index.php?rest_route=%2Fwp%2Fv2%2Fcomments&post=1536"}],"version-history":[{"count":1,"href":"https:\/\/noticiasregionais.com.br\/index.php?rest_route=\/wp\/v2\/posts\/1536\/revisions"}],"predecessor-version":[{"id":1539,"href":"https:\/\/noticiasregionais.com.br\/index.php?rest_route=\/wp\/v2\/posts\/1536\/revisions\/1539"}],"wp:featuredmedia":[{"embeddable":true,"href":"https:\/\/noticiasregionais.com.br\/index.php?rest_route=\/wp\/v2\/media\/1537"}],"wp:attachment":[{"href":"https:\/\/noticiasregionais.com.br\/index.php?rest_route=%2Fwp%2Fv2%2Fmedia&parent=1536"}],"wp:term":[{"taxonomy":"category","embeddable":true,"href":"https:\/\/noticiasregionais.com.br\/index.php?rest_route=%2Fwp%2Fv2%2Fcategories&post=1536"},{"taxonomy":"post_tag","embeddable":true,"href":"https:\/\/noticiasregionais.com.br\/index.php?rest_route=%2Fwp%2Fv2%2Ftags&post=1536"}],"curies":[{"name":"wp","href":"https:\/\/api.w.org\/{rel}","templated":true}]}}