{"id":1540,"date":"2023-12-19T07:54:56","date_gmt":"2023-12-19T10:54:56","guid":{"rendered":"https:\/\/noticiasregionais.com.br\/?p=1540"},"modified":"2023-12-19T12:35:08","modified_gmt":"2023-12-19T15:35:08","slug":"motorista-de-caminhao-e-preso-em-assis-com-grande-quantidade-de-maconha","status":"publish","type":"post","link":"https:\/\/noticiasregionais.com.br\/?p=1540","title":{"rendered":"Motorista de caminh\u00e3o \u00e9 preso em Assis com mais de 4 toneladas de maconha"},"content":{"rendered":"\n<p>A Pol\u00edcia Militar Rodovi\u00e1ria (PMRv) prendeu em flagrante um motorista de caminh\u00e3o transportando grande quantidade de maconha na Rodovia Miguel Jubran, SP-333, km 407, em Assis, no interior de S\u00e3o Paulo. A pris\u00e3o aconteceu na tarde desta segunda-feira (18), durante uma opera\u00e7\u00e3o conjunta com a Receita Federal.<\/p>\n\n\n\n<p>Segundo a PMRv, a equipe TOR da 3\u00aa Cia abordou o caminh\u00e3o Ford\/Cargo, cor branca, placas do munic\u00edpio de Cascavel\/PR, vindo do munic\u00edpio de Cascavel\/PR, com destino a S\u00e3o Paulo\/SP. Durante a entrevista com o motorista, um homem de 48 anos, a equipe percebeu certo nervosismo e respostas desconexas, notadamente em rela\u00e7\u00e3o ao itiner\u00e1rio da viagem e ao tipo de frete.<\/p>\n\n\n\n<p>Fortalecida a fundada suspeita, a equipe iniciou uma busca veicular minuciosa no compartimento de carga do ve\u00edculo, sendo localizado grande quantidade de droga (maconha), acondicionada em v\u00e1rios tabletes, juntamente com a carga de leite de caixinhas.<\/p>\n\n\n\n<p>Ap\u00f3s a apreens\u00e3o, o motorista foi preso em flagrante delito pelo crime de tr\u00e1fico de drogas. A ocorr\u00eancia foi encaminhada para a Central de Pol\u00edcia Judici\u00e1ria de Assis\/SP.<\/p>\n\n\n\n<p>Foram apreendidos 5.425 tabletes de maconha, que perfizeram 4.228,380 (quatro mil e duzentos e vinte oito quilos e trezentos e oitenta gramas) de maconha.. O motorista n\u00e3o teve a identidade divulgada.<\/p>\n\n\n\n<p>A pris\u00e3o \u00e9 mais um resultado da Opera\u00e7\u00e3o Impacto, que tem como objetivo intensificar o combate ao crime na regi\u00e3o.<\/p>\n\n\n\n<figure class=\"wp-block-gallery has-nested-images columns-4 is-cropped wp-block-gallery-1 is-layout-flex wp-block-gallery-is-layout-flex\">\n<figure class=\"wp-block-image size-thumbnail\"><a href=\"https:\/\/noticiasregionais.com.br\/wp-content\/uploads\/2023\/12\/WhatsApp-Image-2023-12-18-at-19.19.49.jpeg\"><img decoding=\"async\" width=\"150\" height=\"150\" data-id=\"1542\" src=\"https:\/\/noticiasregionais.com.br\/wp-content\/uploads\/2023\/12\/WhatsApp-Image-2023-12-18-at-19.19.49-150x150.jpeg\" alt=\"\" class=\"wp-image-1542\"\/><\/a><\/figure>\n\n\n\n<figure class=\"wp-block-image size-thumbnail\"><a href=\"https:\/\/noticiasregionais.com.br\/wp-content\/uploads\/2023\/12\/WhatsApp-Image-2023-12-18-at-19.19.50.jpeg\"><img decoding=\"async\" width=\"150\" height=\"150\" data-id=\"1543\" src=\"https:\/\/noticiasregionais.com.br\/wp-content\/uploads\/2023\/12\/WhatsApp-Image-2023-12-18-at-19.19.50-150x150.jpeg\" alt=\"\" class=\"wp-image-1543\"\/><\/a><\/figure>\n\n\n\n<figure class=\"wp-block-image size-thumbnail\"><a href=\"https:\/\/noticiasregionais.com.br\/wp-content\/uploads\/2023\/12\/WhatsApp-Image-2023-12-18-at-19.19.50-1.jpeg\"><img decoding=\"async\" width=\"150\" height=\"150\" data-id=\"1544\" src=\"https:\/\/noticiasregionais.com.br\/wp-content\/uploads\/2023\/12\/WhatsApp-Image-2023-12-18-at-19.19.50-1-150x150.jpeg\" alt=\"\" class=\"wp-image-1544\"\/><\/a><\/figure>\n\n\n\n<figure class=\"wp-block-image size-thumbnail\"><a href=\"https:\/\/noticiasregionais.com.br\/wp-content\/uploads\/2023\/12\/WhatsApp-Image-2023-12-18-at-19.19.51.jpeg\"><img decoding=\"async\" width=\"150\" height=\"150\" data-id=\"1545\" src=\"https:\/\/noticiasregionais.com.br\/wp-content\/uploads\/2023\/12\/WhatsApp-Image-2023-12-18-at-19.19.51-150x150.jpeg\" alt=\"\" class=\"wp-image-1545\"\/><\/a><\/figure>\n<\/figure>\n<input type=\"hidden\" id=\"baseurl\" value=\"https:\/\/noticiasregionais.com.br\"><input type=\"hidden\" id=\"audio_nonce\" value=\"533fbb67b1\">","protected":false},"excerpt":{"rendered":"<p>A Pol\u00edcia Militar Rodovi\u00e1ria (PMRv) prendeu em flagrante um motorista de caminh\u00e3o transportando grande quantidade de maconha na Rodovia Miguel&hellip;<\/p>\n","protected":false},"author":1,"featured_media":1541,"comment_status":"closed","ping_status":"open","sticky":false,"template":"","format":"standard","meta":{"sfsi_plus_gutenberg_text_before_share":"","sfsi_plus_gutenberg_show_text_before_share":"","sfsi_plus_gutenberg_icon_type":"","sfsi_plus_gutenberg_icon_alignemt":"","sfsi_plus_gutenburg_max_per_row":"","footnotes":""},"categories":[6,12,1],"tags":[],"class_list":["post-1540","post","type-post","status-publish","format-standard","has-post-thumbnail","hentry","category-sao_paulo","category-capa","category-noticias"],"_links":{"self":[{"href":"https:\/\/noticiasregionais.com.br\/index.php?rest_route=\/wp\/v2\/posts\/1540","targetHints":{"allow":["GET"]}}],"collection":[{"href":"https:\/\/noticiasregionais.com.br\/index.php?rest_route=\/wp\/v2\/posts"}],"about":[{"href":"https:\/\/noticiasregionais.com.br\/index.php?rest_route=\/wp\/v2\/types\/post"}],"author":[{"embeddable":true,"href":"https:\/\/noticiasregionais.com.br\/index.php?rest_route=\/wp\/v2\/users\/1"}],"replies":[{"embeddable":true,"href":"https:\/\/noticiasregionais.com.br\/index.php?rest_route=%2Fwp%2Fv2%2Fcomments&post=1540"}],"version-history":[{"count":2,"href":"https:\/\/noticiasregionais.com.br\/index.php?rest_route=\/wp\/v2\/posts\/1540\/revisions"}],"predecessor-version":[{"id":1556,"href":"https:\/\/noticiasregionais.com.br\/index.php?rest_route=\/wp\/v2\/posts\/1540\/revisions\/1556"}],"wp:featuredmedia":[{"embeddable":true,"href":"https:\/\/noticiasregionais.com.br\/index.php?rest_route=\/wp\/v2\/media\/1541"}],"wp:attachment":[{"href":"https:\/\/noticiasregionais.com.br\/index.php?rest_route=%2Fwp%2Fv2%2Fmedia&parent=1540"}],"wp:term":[{"taxonomy":"category","embeddable":true,"href":"https:\/\/noticiasregionais.com.br\/index.php?rest_route=%2Fwp%2Fv2%2Fcategories&post=1540"},{"taxonomy":"post_tag","embeddable":true,"href":"https:\/\/noticiasregionais.com.br\/index.php?rest_route=%2Fwp%2Fv2%2Ftags&post=1540"}],"curies":[{"name":"wp","href":"https:\/\/api.w.org\/{rel}","templated":true}]}}