{"id":1547,"date":"2023-12-19T07:57:32","date_gmt":"2023-12-19T10:57:32","guid":{"rendered":"https:\/\/noticiasregionais.com.br\/?p=1547"},"modified":"2023-12-19T07:57:44","modified_gmt":"2023-12-19T10:57:44","slug":"passeio-do-papai-noel-acontece-neste-sabado-23","status":"publish","type":"post","link":"https:\/\/noticiasregionais.com.br\/?p=1547","title":{"rendered":"Passeio do Papai Noel acontece neste s\u00e1bado (23)"},"content":{"rendered":"\n<p>Neste s\u00e1bado (23), \u00e0s 20h, o passeio do Papai Noel no lago do Parque do Centen\u00e1rio promete encantar com uma atra\u00e7\u00e3o surpresa para a crian\u00e7ada. O evento faz parte da agenda de Natal da Prefeitura de Ourinhos, que tem tem reunido centenas de pessoas em diversos pontos da cidade, celebrando tradi\u00e7\u00f5es natalinas, festividades e boas a\u00e7\u00f5es. N\u00e3o perca a chance de fazer parte desse momento especial e vivenciar a magia do Natal!<\/p>\n<input type=\"hidden\" id=\"baseurl\" value=\"https:\/\/noticiasregionais.com.br\"><input type=\"hidden\" id=\"audio_nonce\" value=\"533fbb67b1\">","protected":false},"excerpt":{"rendered":"<p>Neste s\u00e1bado (23), \u00e0s 20h, o passeio do Papai Noel no lago do Parque do Centen\u00e1rio promete encantar com uma&hellip;<\/p>\n","protected":false},"author":1,"featured_media":1548,"comment_status":"closed","ping_status":"open","sticky":false,"template":"","format":"standard","meta":{"sfsi_plus_gutenberg_text_before_share":"","sfsi_plus_gutenberg_show_text_before_share":"","sfsi_plus_gutenberg_icon_type":"","sfsi_plus_gutenberg_icon_alignemt":"","sfsi_plus_gutenburg_max_per_row":"","footnotes":""},"categories":[5,10,1],"tags":[],"class_list":["post-1547","post","type-post","status-publish","format-standard","has-post-thumbnail","hentry","category-ourinhos","category-destaques","category-noticias"],"_links":{"self":[{"href":"https:\/\/noticiasregionais.com.br\/index.php?rest_route=\/wp\/v2\/posts\/1547","targetHints":{"allow":["GET"]}}],"collection":[{"href":"https:\/\/noticiasregionais.com.br\/index.php?rest_route=\/wp\/v2\/posts"}],"about":[{"href":"https:\/\/noticiasregionais.com.br\/index.php?rest_route=\/wp\/v2\/types\/post"}],"author":[{"embeddable":true,"href":"https:\/\/noticiasregionais.com.br\/index.php?rest_route=\/wp\/v2\/users\/1"}],"replies":[{"embeddable":true,"href":"https:\/\/noticiasregionais.com.br\/index.php?rest_route=%2Fwp%2Fv2%2Fcomments&post=1547"}],"version-history":[{"count":1,"href":"https:\/\/noticiasregionais.com.br\/index.php?rest_route=\/wp\/v2\/posts\/1547\/revisions"}],"predecessor-version":[{"id":1549,"href":"https:\/\/noticiasregionais.com.br\/index.php?rest_route=\/wp\/v2\/posts\/1547\/revisions\/1549"}],"wp:featuredmedia":[{"embeddable":true,"href":"https:\/\/noticiasregionais.com.br\/index.php?rest_route=\/wp\/v2\/media\/1548"}],"wp:attachment":[{"href":"https:\/\/noticiasregionais.com.br\/index.php?rest_route=%2Fwp%2Fv2%2Fmedia&parent=1547"}],"wp:term":[{"taxonomy":"category","embeddable":true,"href":"https:\/\/noticiasregionais.com.br\/index.php?rest_route=%2Fwp%2Fv2%2Fcategories&post=1547"},{"taxonomy":"post_tag","embeddable":true,"href":"https:\/\/noticiasregionais.com.br\/index.php?rest_route=%2Fwp%2Fv2%2Ftags&post=1547"}],"curies":[{"name":"wp","href":"https:\/\/api.w.org\/{rel}","templated":true}]}}