{"id":1550,"date":"2023-12-19T08:14:14","date_gmt":"2023-12-19T11:14:14","guid":{"rendered":"https:\/\/noticiasregionais.com.br\/?p=1550"},"modified":"2023-12-19T08:27:06","modified_gmt":"2023-12-19T11:27:06","slug":"dentista-que-morreu-ao-ficar-presa-em-carro-que-caiu-em-represa-e-velada-em-taruma","status":"publish","type":"post","link":"https:\/\/noticiasregionais.com.br\/?p=1550","title":{"rendered":"Dentista que morreu ao ficar presa em carro que caiu em represa \u00e9 velada em Tarum\u00e3"},"content":{"rendered":"\n<p class=\"has-text-align-center\"><strong>Acidente aconteceu no domingo (17) na Ch\u00e1cara Flora, em Araraquara (SP). Karoana Nesry da Silva, de 27 anos, estava com tr\u00eas amigas que conseguiram escapar.<\/strong><\/p>\n\n\n\n<p>A dentista que morreu ap\u00f3s o carro que ela dirigia cair em uma represa ser\u00e1 enterrada nesta ter\u00e7a-feira (19), em Tarum\u00e3 (SP). O acidente foi registrado no domingo (17), em Araraquara (SP).<\/p>\n\n\n\n<p>O corpo de Karoana Nesry da Silva, de 27 anos, come\u00e7ou a ser velado na noite de segunda-feira (18), em Tarum\u00e3, e ser\u00e1 sepultado na manh\u00e3 desta ter\u00e7a, \u00e0s 10h, no Cemit\u00e9rio Municipal.<\/p>\n\n\n\n<p>Saiba quem era a dentista que morreu aos 27 anos ap\u00f3s carro que ela dirigia cair em represa<br>Karoana estava com tr\u00eas amigas, quando o caiu na represa da Ch\u00e1cara Flora no domingo, em Araraquara. As tr\u00eas passageiras conseguiram sair, mas a dentista ficou presa dentro do ve\u00edculo e submersa por alguns minutos.<\/p>\n\n\n\n<p>Ap\u00f3s o acidente, mergulhadores do Corpo de Bombeiros foram at\u00e9 o local e conseguiram retirar a dentista do carro ainda com vida. Uma ambul\u00e2ncia do Servi\u00e7o de Atendimento M\u00e9dico de Urg\u00eancia (Samu) encaminhou a jovem at\u00e9 a Unidade de Pronto Atendimento (UPA) Central, mas ela n\u00e3o resistiu e morreu.<\/p>\n\n\n\n<p>O ve\u00edculo da v\u00edtima foi retirado da represa na segunda-feira (18). O caso foi registrado pela Pol\u00edcia Civil e ser\u00e1 investigado.<\/p>\n\n\n<div class=\"wp-block-image\">\n<figure class=\"aligncenter size-full\"><img decoding=\"async\" width=\"980\" height=\"551\" src=\"https:\/\/noticiasregionais.com.br\/wp-content\/uploads\/2023\/12\/Dentista.jpg\" alt=\"\" class=\"wp-image-1552\" srcset=\"https:\/\/noticiasregionais.com.br\/wp-content\/uploads\/2023\/12\/Dentista.jpg 980w, https:\/\/noticiasregionais.com.br\/wp-content\/uploads\/2023\/12\/Dentista-300x169.jpg 300w, https:\/\/noticiasregionais.com.br\/wp-content\/uploads\/2023\/12\/Dentista-768x432.jpg 768w\" sizes=\"(max-width: 980px) 100vw, 980px\" \/><\/figure>\n<\/div>\n\n\n<p>Crossfiteira e vida ativa nas redes<br>Karoana Nesry da Silva cresceu e tinha familiares em Tarum\u00e3, no centro-oeste paulista. Desde 2020, era propriet\u00e1ria de uma cl\u00ednica odontol\u00f3gica em Araraquara.<\/p>\n\n\n\n<p>Crossfiteira e amante de uma vida saud\u00e1vel, a jovem compartilhava sua rotina de treinos e dieta nas redes sociais. Ela tamb\u00e9m publicava v\u00eddeos sobre seu trabalho e participando de trends que viralizaram na internet. No Instagram, a jovem acumulava 2,2 mil seguidores.<\/p>\n\n\n\n<p>Nas redes sociais, amigos e parentes da dentista publicaram mensagens sobre a partida precoce da jovem.<\/p>\n\n\n\n<p>&#8220;N\u00e3o estou conseguindo acreditar ainda nessa not\u00edcia que acabou comigo. Quando te conheci voc\u00ea me salvou de tantas maneiras, me ajudou tanto que minha gratid\u00e3o por voc\u00ea ser\u00e1 eterna&#8221;, escreveu uma amiga.<\/p>\n\n\n\n<p>Uma outra amiga da dentista publicou: &#8220;Eu juro por Deus no c\u00e9u que eu n\u00e3o queria que isso fosse verdade, t\u00e1 doendo muito!&#8221;.<\/p>\n\n\n\n<p>A dentista fez parte da gradua\u00e7\u00e3o na Universidade de Mar\u00edlia (Unimar), mas se formou pela Universidade de Araraquara (Uniara) e tinha capacita\u00e7\u00e3o em implantodontia, pela Associa\u00e7\u00e3o Paulista de Cirurgi\u00f5es Dentistas (APCD).<\/p>\n\n\n\n<p>Em 2014, Karoana chegou a cursar letras na Universidade Estadual Paulista (Unesp), mas desistiu do curso e migrou para a \u00e1rea da sa\u00fade.<\/p>\n\n\n\n<p><sub><strong>fonte: G1 Bauru e Mar\u00edlia<\/strong><\/sub><\/p>\n<input type=\"hidden\" id=\"baseurl\" value=\"https:\/\/noticiasregionais.com.br\"><input type=\"hidden\" id=\"audio_nonce\" value=\"9ddf44ba02\">","protected":false},"excerpt":{"rendered":"<p>Acidente aconteceu no domingo (17) na Ch\u00e1cara Flora, em Araraquara (SP). Karoana Nesry da Silva, de 27 anos, estava com&hellip;<\/p>\n","protected":false},"author":1,"featured_media":1551,"comment_status":"closed","ping_status":"open","sticky":false,"template":"","format":"standard","meta":{"sfsi_plus_gutenberg_text_before_share":"","sfsi_plus_gutenberg_show_text_before_share":"","sfsi_plus_gutenberg_icon_type":"","sfsi_plus_gutenberg_icon_alignemt":"","sfsi_plus_gutenburg_max_per_row":"","footnotes":""},"categories":[6,10,1],"tags":[],"class_list":["post-1550","post","type-post","status-publish","format-standard","has-post-thumbnail","hentry","category-sao_paulo","category-destaques","category-noticias"],"_links":{"self":[{"href":"https:\/\/noticiasregionais.com.br\/index.php?rest_route=\/wp\/v2\/posts\/1550","targetHints":{"allow":["GET"]}}],"collection":[{"href":"https:\/\/noticiasregionais.com.br\/index.php?rest_route=\/wp\/v2\/posts"}],"about":[{"href":"https:\/\/noticiasregionais.com.br\/index.php?rest_route=\/wp\/v2\/types\/post"}],"author":[{"embeddable":true,"href":"https:\/\/noticiasregionais.com.br\/index.php?rest_route=\/wp\/v2\/users\/1"}],"replies":[{"embeddable":true,"href":"https:\/\/noticiasregionais.com.br\/index.php?rest_route=%2Fwp%2Fv2%2Fcomments&post=1550"}],"version-history":[{"count":2,"href":"https:\/\/noticiasregionais.com.br\/index.php?rest_route=\/wp\/v2\/posts\/1550\/revisions"}],"predecessor-version":[{"id":1554,"href":"https:\/\/noticiasregionais.com.br\/index.php?rest_route=\/wp\/v2\/posts\/1550\/revisions\/1554"}],"wp:featuredmedia":[{"embeddable":true,"href":"https:\/\/noticiasregionais.com.br\/index.php?rest_route=\/wp\/v2\/media\/1551"}],"wp:attachment":[{"href":"https:\/\/noticiasregionais.com.br\/index.php?rest_route=%2Fwp%2Fv2%2Fmedia&parent=1550"}],"wp:term":[{"taxonomy":"category","embeddable":true,"href":"https:\/\/noticiasregionais.com.br\/index.php?rest_route=%2Fwp%2Fv2%2Fcategories&post=1550"},{"taxonomy":"post_tag","embeddable":true,"href":"https:\/\/noticiasregionais.com.br\/index.php?rest_route=%2Fwp%2Fv2%2Ftags&post=1550"}],"curies":[{"name":"wp","href":"https:\/\/api.w.org\/{rel}","templated":true}]}}