{"id":1557,"date":"2023-12-19T22:24:07","date_gmt":"2023-12-20T01:24:07","guid":{"rendered":"https:\/\/noticiasregionais.com.br\/?p=1557"},"modified":"2023-12-19T22:24:19","modified_gmt":"2023-12-20T01:24:19","slug":"policia-rodoviaria-e-forca-tatica-prendem-elementos-com-quase-400-kg-de-maconha-em-marilia","status":"publish","type":"post","link":"https:\/\/noticiasregionais.com.br\/?p=1557","title":{"rendered":"Pol\u00edcia Rodovi\u00e1ria e For\u00e7a T\u00e1tica prendem elementos com quase 400 Kg de Maconha em Marilia"},"content":{"rendered":"\n<p>Na tarde desta quarta-feira, as estradas que cortam a regi\u00e3o de Mar\u00edlia foram palco de uma opera\u00e7\u00e3o impactante conduzida pelo 2\u00b0 Batalh\u00e3o de Pol\u00edcia Rodovi\u00e1ria. Dois indiv\u00edduos foram detidos em flagrante por tr\u00e1fico de drogas no km 465 da Rodovia Comandante Jo\u00e3o Ribeiro de Barros (SP-294), pr\u00f3ximo ao bairro Padre N\u00f3brega.<\/p>\n\n\n\n<p>A a\u00e7\u00e3o teve in\u00edcio durante a &#8220;Opera\u00e7\u00e3o Impacto&#8221;, uma iniciativa rotineira para garantir a seguran\u00e7a nas estradas da regi\u00e3o. Policiais militares receberam informa\u00e7\u00f5es cruciais de um usu\u00e1rio da rodovia, alertando sobre atividades suspeitas em uma das ch\u00e1caras de um condom\u00ednio acessado pela rodovia. A den\u00fancia indicava que indiv\u00edduos estavam descarregando uma subst\u00e2ncia semelhante a drogas.<\/p>\n\n\n\n<p>Com a colabora\u00e7\u00e3o da For\u00e7a T\u00e1tica (FT) do 9\u00b0 BPMI, os policiais procederam com uma vistoria minuciosa no local indicado. A investiga\u00e7\u00e3o resultou na descoberta de uma consider\u00e1vel quantidade de maconha, totalizando 388 tabletes com 396,700 kg da subst\u00e2ncia il\u00edcita.<\/p>\n\n\n\n<p>Os dois indiv\u00edduos envolvidos na opera\u00e7\u00e3o foram detidos e identificados como homens de 35 e 28 anos, cujos nomes n\u00e3o foram divulgados pelas autoridades. Ambos foram conduzidos \u00e0 Central de Pol\u00edcia Judici\u00e1ria de Mar\u00edlia\/SP, onde ficar\u00e3o \u00e0 disposi\u00e7\u00e3o da Justi\u00e7a para responder pelos crimes de tr\u00e1fico de drogas.<\/p>\n\n\n\n<p>O local da apreens\u00e3o, situado em um condom\u00ednio pr\u00f3ximo ao km 465, \u00e9 conhecido por sua proximidade com a Rodovia Comandante Jo\u00e3o Ribeiro de Barros, tornando-se um ponto estrat\u00e9gico para atividades il\u00edcitas. A opera\u00e7\u00e3o bem-sucedida \u00e9 um reflexo do compromisso das for\u00e7as de seguran\u00e7a em coibir o tr\u00e1fico de drogas e garantir a tranquilidade da popula\u00e7\u00e3o na regi\u00e3o de Mar\u00edlia.<\/p>\n\n\n\n<p>O efetivo policial ressaltou a import\u00e2ncia da colabora\u00e7\u00e3o da comunidade, que desempenhou um papel fundamental ao fornecer informa\u00e7\u00f5es precisas, contribuindo assim para o sucesso da opera\u00e7\u00e3o. O trabalho conjunto entre a Pol\u00edcia Rodovi\u00e1ria e a For\u00e7a T\u00e1tica demonstra a efici\u00eancia das estrat\u00e9gias adotadas para combater o tr\u00e1fico de drogas e outros crimes nas rodovias da regi\u00e3o.<\/p>\n\n\n\n<p>A apreens\u00e3o expressiva de quase 400 kg de maconha refor\u00e7a a necessidade cont\u00ednua de vigil\u00e2ncia e a\u00e7\u00e3o proativa por parte das autoridades policiais para manter as estradas seguras e livres de atividades criminosas. A Central de Pol\u00edcia Judici\u00e1ria de Mar\u00edlia conduzir\u00e1 a investiga\u00e7\u00e3o a partir deste ponto, buscando desdobramentos e esclarecimentos sobre a origem e destino da subst\u00e2ncia il\u00edcita apreendida.<\/p>\n\n\n\n<figure class=\"wp-block-gallery has-nested-images columns-default is-cropped wp-block-gallery-1 is-layout-flex wp-block-gallery-is-layout-flex\">\n<figure class=\"wp-block-image size-large\"><img decoding=\"async\" width=\"1024\" height=\"768\" data-id=\"1558\" src=\"https:\/\/noticiasregionais.com.br\/wp-content\/uploads\/2023\/12\/WhatsApp-Image-2023-12-19-at-17.21.25-1-1024x768.jpeg\" alt=\"\" class=\"wp-image-1558\" srcset=\"https:\/\/noticiasregionais.com.br\/wp-content\/uploads\/2023\/12\/WhatsApp-Image-2023-12-19-at-17.21.25-1-1024x768.jpeg 1024w, https:\/\/noticiasregionais.com.br\/wp-content\/uploads\/2023\/12\/WhatsApp-Image-2023-12-19-at-17.21.25-1-300x225.jpeg 300w, https:\/\/noticiasregionais.com.br\/wp-content\/uploads\/2023\/12\/WhatsApp-Image-2023-12-19-at-17.21.25-1-768x576.jpeg 768w, https:\/\/noticiasregionais.com.br\/wp-content\/uploads\/2023\/12\/WhatsApp-Image-2023-12-19-at-17.21.25-1.jpeg 1280w\" sizes=\"(max-width: 1024px) 100vw, 1024px\" \/><\/figure>\n\n\n\n<figure class=\"wp-block-image size-large\"><img decoding=\"async\" width=\"1024\" height=\"768\" data-id=\"1559\" src=\"https:\/\/noticiasregionais.com.br\/wp-content\/uploads\/2023\/12\/WhatsApp-Image-2023-12-19-at-17.21.26-1024x768.jpeg\" alt=\"\" class=\"wp-image-1559\" srcset=\"https:\/\/noticiasregionais.com.br\/wp-content\/uploads\/2023\/12\/WhatsApp-Image-2023-12-19-at-17.21.26-1024x768.jpeg 1024w, https:\/\/noticiasregionais.com.br\/wp-content\/uploads\/2023\/12\/WhatsApp-Image-2023-12-19-at-17.21.26-300x225.jpeg 300w, https:\/\/noticiasregionais.com.br\/wp-content\/uploads\/2023\/12\/WhatsApp-Image-2023-12-19-at-17.21.26-768x576.jpeg 768w, https:\/\/noticiasregionais.com.br\/wp-content\/uploads\/2023\/12\/WhatsApp-Image-2023-12-19-at-17.21.26-1536x1152.jpeg 1536w, https:\/\/noticiasregionais.com.br\/wp-content\/uploads\/2023\/12\/WhatsApp-Image-2023-12-19-at-17.21.26.jpeg 1600w\" sizes=\"(max-width: 1024px) 100vw, 1024px\" \/><\/figure>\n<\/figure>\n<input type=\"hidden\" id=\"baseurl\" value=\"https:\/\/noticiasregionais.com.br\"><input type=\"hidden\" id=\"audio_nonce\" value=\"533fbb67b1\">","protected":false},"excerpt":{"rendered":"<p>Na tarde desta quarta-feira, as estradas que cortam a regi\u00e3o de Mar\u00edlia foram palco de uma opera\u00e7\u00e3o impactante conduzida pelo&hellip;<\/p>\n","protected":false},"author":1,"featured_media":1560,"comment_status":"closed","ping_status":"open","sticky":false,"template":"","format":"standard","meta":{"sfsi_plus_gutenberg_text_before_share":"","sfsi_plus_gutenberg_show_text_before_share":"","sfsi_plus_gutenberg_icon_type":"","sfsi_plus_gutenberg_icon_alignemt":"","sfsi_plus_gutenburg_max_per_row":"","footnotes":""},"categories":[6,12,1],"tags":[],"class_list":["post-1557","post","type-post","status-publish","format-standard","has-post-thumbnail","hentry","category-sao_paulo","category-capa","category-noticias"],"_links":{"self":[{"href":"https:\/\/noticiasregionais.com.br\/index.php?rest_route=\/wp\/v2\/posts\/1557","targetHints":{"allow":["GET"]}}],"collection":[{"href":"https:\/\/noticiasregionais.com.br\/index.php?rest_route=\/wp\/v2\/posts"}],"about":[{"href":"https:\/\/noticiasregionais.com.br\/index.php?rest_route=\/wp\/v2\/types\/post"}],"author":[{"embeddable":true,"href":"https:\/\/noticiasregionais.com.br\/index.php?rest_route=\/wp\/v2\/users\/1"}],"replies":[{"embeddable":true,"href":"https:\/\/noticiasregionais.com.br\/index.php?rest_route=%2Fwp%2Fv2%2Fcomments&post=1557"}],"version-history":[{"count":1,"href":"https:\/\/noticiasregionais.com.br\/index.php?rest_route=\/wp\/v2\/posts\/1557\/revisions"}],"predecessor-version":[{"id":1561,"href":"https:\/\/noticiasregionais.com.br\/index.php?rest_route=\/wp\/v2\/posts\/1557\/revisions\/1561"}],"wp:featuredmedia":[{"embeddable":true,"href":"https:\/\/noticiasregionais.com.br\/index.php?rest_route=\/wp\/v2\/media\/1560"}],"wp:attachment":[{"href":"https:\/\/noticiasregionais.com.br\/index.php?rest_route=%2Fwp%2Fv2%2Fmedia&parent=1557"}],"wp:term":[{"taxonomy":"category","embeddable":true,"href":"https:\/\/noticiasregionais.com.br\/index.php?rest_route=%2Fwp%2Fv2%2Fcategories&post=1557"},{"taxonomy":"post_tag","embeddable":true,"href":"https:\/\/noticiasregionais.com.br\/index.php?rest_route=%2Fwp%2Fv2%2Ftags&post=1557"}],"curies":[{"name":"wp","href":"https:\/\/api.w.org\/{rel}","templated":true}]}}