{"id":156,"date":"2023-09-01T23:52:40","date_gmt":"2023-09-02T02:52:40","guid":{"rendered":"https:\/\/noticiasregionais.com.br\/?p=156"},"modified":"2023-09-01T23:52:41","modified_gmt":"2023-09-02T02:52:41","slug":"servidores-federais-anunciam-mobilizacoes-contra-reajuste-salarial-de-1-em-2024-e-nao-descartam-greve","status":"publish","type":"post","link":"https:\/\/noticiasregionais.com.br\/?p=156","title":{"rendered":"Servidores federais anunciam mobiliza\u00e7\u00f5es contra reajuste salarial de 1 % em 2024 e n\u00e3o descartam greve"},"content":{"rendered":"\n<p>Os servidores federais n\u00e3o descartam a possibilidade de greve, caso n\u00e3o consigam definir com o governo um reajuste salarial adequado. Eles aguardam uma resposta do executivo para resolver a pauta econ\u00f4mica da categoria&nbsp; \u2014&nbsp; que tem passado por seguidas perdas salariais nos \u00faltimos anos. O secret\u00e1rio-geral da Confedera\u00e7\u00e3o dos Trabalhadores no Servi\u00e7o P\u00fablico Federal (Condsef), S\u00e9rgio Ronaldo da Silva, disse que os profissionais sa\u00edram frustrados ap\u00f3s recente reuni\u00e3o com o Minist\u00e9rio da Gest\u00e3o e da Inova\u00e7\u00e3o em Servi\u00e7os P\u00fablicos.<\/p>\n\n\n\n<p>\u201cO compromisso que o governo tinha assumido com o conjunto das representa\u00e7\u00f5es do funcionalismo era que estaria apresentando uma proposta econ\u00f4mica para a categoria. E de fato isso n\u00e3o aconteceu \u2014&nbsp;e isso transformou a reuni\u00e3o numa grande frustra\u00e7\u00e3o.\u201d O representante da categoria disse que o encontro teve a participa\u00e7\u00e3o de v\u00e1rios setores.<\/p>\n\n\n\n<p>\u201cReunimos o conjunto das representa\u00e7\u00f5es do funcionalismo p\u00fablico federal, as centrais sindicais e as entidades representativas \u2014&nbsp;&nbsp;e foi uma avalia\u00e7\u00e3o super negativa. O governo enviou ao Congresso o Projeto da Lei Or\u00e7ament\u00e1ria Anual de 2024, onde nem o que ele informou na nossa reuni\u00e3o est\u00e1 contido l\u00e1\u201d, desabafa.<\/p>\n\n\n\n<p>O governo federal reservou aproximadamente R$ 1,5 bilh\u00e3o no Or\u00e7amento de 2024 para o reajuste dos servidores p\u00fablicos. Conforme dados do F\u00f3rum Nacional Permanente de Carreiras T\u00edpicas do Estado (Fonacate), o valor corresponderia a 1% de corre\u00e7\u00e3o salarial no ano que vem.<\/p>\n\n\n\n<p>Para o secret\u00e1rio-geral do Sindicato dos Trabalhadores no Servi\u00e7o P\u00fablico Federal do DF (Sindsep-DF), Oton Pereira Neves, o valor proposto pelo governo \u00e9 considerado insuficiente para suprir a demanda de recomposi\u00e7\u00e3o salarial necess\u00e1ria para cobrir as perdas inflacion\u00e1rias enfrentadas pelo funcionalismo p\u00fablico. \u201cA gente tem expectativa de que o governo consiga melhorar essa proposta, porque realmente ela \u00e9 inaceit\u00e1vel, depois de ter perdas salariais nos \u00faltimos seis anos e n\u00e3o ter nem a recomposi\u00e7\u00e3o agora. Ent\u00e3o isso \u00e9 inaceit\u00e1vel\u201d, avalia.<\/p>\n\n\n\n<p>Oton diz que os representantes da categoria prometem n\u00e3o desistir. \u201cA gente sabe que essa proposta do governo est\u00e1 subordinada ao recente arcabou\u00e7o fiscal que foi aprovado pelo Congresso Nacional. Ent\u00e3o, o primeiro passo nosso \u00e9 fazer uma a\u00e7\u00e3o, ou a\u00e7\u00f5es, para exigir do presidente Lula o veto de v\u00e1rios artigos que engessam o or\u00e7amento da Uni\u00e3o, especialmente para as atividades e a\u00e7\u00f5es que visam o bem da popula\u00e7\u00e3o\u201d, ressalta.<\/p>\n\n\n\n<p>O secret\u00e1rio-geral da Confedera\u00e7\u00e3o dos Trabalhadores no Servi\u00e7o P\u00fablico Federal (Condsef), S\u00e9rgio Ronaldo da Silva, refor\u00e7a a determina\u00e7\u00e3o dos trabalhadores em continuar organizando a categoria. \u201cVamos reagir a essa in\u00e9rcia do governo com esse setor que foi t\u00e3o precarizado nos \u00faltimos per\u00edodos. Vamos criar um cronograma de a\u00e7\u00f5es para o conjunto do funcionalismo em todo o pa\u00eds, orientar os sindicatos estaduais a fazer essa discuss\u00e3o\u201d, informa.<\/p>\n\n\n\n<h2 class=\"wp-block-heading\">Calend\u00e1rio de mobiliza\u00e7\u00e3o<\/h2>\n\n\n\n<p>S\u00e9rgio Ronaldo diz que, mediante os debates, ser\u00e1 convocada uma plen\u00e1ria nacional ap\u00f3s o feriado de 7 de setembro, para organizar um calend\u00e1rio de mobiliza\u00e7\u00e3o n\u00e3o descartando, inclusive, uma greve. \u201cA mobiliza\u00e7\u00e3o \u00e9 quem vai dizer se chegar\u00e1 nesse est\u00e1gio, para ver se o governo se desconecta somente das quest\u00f5es do mercado, das quest\u00f5es dos setores de outros segmentos e tem um olhar criterioso para o conjunto do funcionalismo, levando em considera\u00e7\u00e3o tamb\u00e9m a administra\u00e7\u00e3o p\u00fablica federal\u201d, salienta.<\/p>\n\n\n\n<p>Oton Pereira Neves do sindicato dos trabalhadores do DF concorda: \u201cA greve \u00e9 a principal arma que a classe possui, ent\u00e3o jamais podemos descart\u00e1-la\u201d, observa.<\/p>\n\n\n\n<p>Para os trabalhadores, esse reajuste est\u00e1 muito abaixo do previsto, como relata a servidora p\u00fablica federal Roberta Salom\u00e3o. \u201cO valor proposto de 1% \u00e9 muito abaixo do valor da infla\u00e7\u00e3o, n\u00e3o cobre o pagamento das contas que temos m\u00eas a m\u00eas e ele n\u00e3o rep\u00f5e as perdas acumuladas superiores a 30% devido a muitos anos sem aumento. Ent\u00e3o realmente \u00e9 uma afronta\u201d, relata.<\/p>\n\n\n\n<p>Camila Macedo Teixeira tamb\u00e9m \u00e9 servidora p\u00fablica federal e reclama do aumento. \u201cN\u00f3s todos sabemos, enquanto servidores, que esse aumento impacta diretamente o or\u00e7amento da Uni\u00e3o. Por outro lado, pensando do ponto de vista do servidor, 1% sobre a remunera\u00e7\u00e3o que a gente j\u00e1 recebe n\u00e3o contempla os aumentos que n\u00f3s tivemos quanto aos pre\u00e7os dos alimentos, quanto ao aumento dos combust\u00edveis, os gastos com moradia, com educa\u00e7\u00e3o\u201d, conta.<\/p>\n\n\n\n<p>Essa foi a primeira reuni\u00e3o da Mesa Nacional de Negocia\u00e7\u00e3o Permanente entre governo e servidores para debater demandas salariais das categorias referentes ao pr\u00f3ximo ano, ap\u00f3s aprova\u00e7\u00e3o da nova regra fiscal.<\/p>\n\n\n\n<p>Fonte: <a href=\"https:\/\/brasil61.com\/n\/servidores-federais-intensificam-as-mobilizacoes-para-tratar-do-reajuste-salarial-e-nao-descartam-possibilidade-de-greve-bras239436\" target=\"_blank\" rel=\"noreferrer noopener\">Brasil 61<\/a><\/p>\n<input type=\"hidden\" id=\"baseurl\" value=\"https:\/\/noticiasregionais.com.br\"><input type=\"hidden\" id=\"audio_nonce\" value=\"533fbb67b1\">","protected":false},"excerpt":{"rendered":"<p>Os servidores federais n\u00e3o descartam a possibilidade de greve, caso n\u00e3o consigam definir com o governo um reajuste salarial adequado.&hellip;<\/p>\n","protected":false},"author":1,"featured_media":157,"comment_status":"closed","ping_status":"open","sticky":false,"template":"","format":"standard","meta":{"sfsi_plus_gutenberg_text_before_share":"","sfsi_plus_gutenberg_show_text_before_share":"","sfsi_plus_gutenberg_icon_type":"","sfsi_plus_gutenberg_icon_alignemt":"","sfsi_plus_gutenburg_max_per_row":"","footnotes":""},"categories":[8,10,1],"tags":[],"class_list":["post-156","post","type-post","status-publish","format-standard","has-post-thumbnail","hentry","category-brasil","category-destaques","category-noticias"],"_links":{"self":[{"href":"https:\/\/noticiasregionais.com.br\/index.php?rest_route=\/wp\/v2\/posts\/156","targetHints":{"allow":["GET"]}}],"collection":[{"href":"https:\/\/noticiasregionais.com.br\/index.php?rest_route=\/wp\/v2\/posts"}],"about":[{"href":"https:\/\/noticiasregionais.com.br\/index.php?rest_route=\/wp\/v2\/types\/post"}],"author":[{"embeddable":true,"href":"https:\/\/noticiasregionais.com.br\/index.php?rest_route=\/wp\/v2\/users\/1"}],"replies":[{"embeddable":true,"href":"https:\/\/noticiasregionais.com.br\/index.php?rest_route=%2Fwp%2Fv2%2Fcomments&post=156"}],"version-history":[{"count":1,"href":"https:\/\/noticiasregionais.com.br\/index.php?rest_route=\/wp\/v2\/posts\/156\/revisions"}],"predecessor-version":[{"id":158,"href":"https:\/\/noticiasregionais.com.br\/index.php?rest_route=\/wp\/v2\/posts\/156\/revisions\/158"}],"wp:featuredmedia":[{"embeddable":true,"href":"https:\/\/noticiasregionais.com.br\/index.php?rest_route=\/wp\/v2\/media\/157"}],"wp:attachment":[{"href":"https:\/\/noticiasregionais.com.br\/index.php?rest_route=%2Fwp%2Fv2%2Fmedia&parent=156"}],"wp:term":[{"taxonomy":"category","embeddable":true,"href":"https:\/\/noticiasregionais.com.br\/index.php?rest_route=%2Fwp%2Fv2%2Fcategories&post=156"},{"taxonomy":"post_tag","embeddable":true,"href":"https:\/\/noticiasregionais.com.br\/index.php?rest_route=%2Fwp%2Fv2%2Ftags&post=156"}],"curies":[{"name":"wp","href":"https:\/\/api.w.org\/{rel}","templated":true}]}}