{"id":1565,"date":"2023-12-21T22:13:59","date_gmt":"2023-12-22T01:13:59","guid":{"rendered":"https:\/\/noticiasregionais.com.br\/?p=1565"},"modified":"2023-12-21T22:14:11","modified_gmt":"2023-12-22T01:14:11","slug":"prefeitura-de-ourinhos-recebe-certificado-selo-municipio-verde-azul","status":"publish","type":"post","link":"https:\/\/noticiasregionais.com.br\/?p=1565","title":{"rendered":"Prefeitura de Ourinhos recebe certificado Selo Munic\u00edpio Verde\/Azul"},"content":{"rendered":"\n<p>A Prefeitura de Ourinhos foi credenciada pela Secretaria do Estado de Infraestrutura e Meio Ambiente com o certificado Munic\u00edpio Verde Azul pelo terceiro ano consecutivo na gest\u00e3o do prefeito Lucas Pocay.<\/p>\n\n\n\n<p>De acordo com o ranking divulgado pela Secretaria, Ourinhos, integrante do Grupo 4 (munic\u00edpios com 100 mil a 499 mil habitantes), alcan\u00e7ou a 21\u00aa posi\u00e7\u00e3o, somando 82 pontos.<\/p>\n\n\n\n<p>O credenciamento por tr\u00eas anos consecutivos atesta o compromisso cont\u00ednuo da cidade de Ourinhos com pr\u00e1ticas sustent\u00e1veis. Al\u00e9m disso, garante ao municipio recursos para investimento no setor de meio ambiente.<\/p>\n\n\n\n<p>Lan\u00e7ado em 2007 pelo Governo do Estado de S\u00e3o Paulo, o Programa Munic\u00edpio VerdeAzul \u2013 PMVA tem o principal objetivo de estimular e auxiliar as prefeituras paulistas na elabora\u00e7\u00e3o e execu\u00e7\u00e3o de suas pol\u00edticas p\u00fablicas estrat\u00e9gicas para o desenvolvimento sustent\u00e1vel do estado de S\u00e3o Paulo.<\/p>\n\n\n\n<p>As a\u00e7\u00f5es propostas pelo PMVA comp\u00f5em as dez Diretivas norteadoras da agenda ambiental local, abrangendo os seguintes temas estrat\u00e9gicos: Governan\u00e7a Ambiental, Avan\u00e7o na Sustentabilidade, Educa\u00e7\u00e3o Ambiental, Uso do Solo, Gest\u00e3o das \u00c1guas, Esgoto Coletado e Tratado, Res\u00edduos S\u00f3lidos, Qualidade do Ar, Arboriza\u00e7\u00e3o Urbana e Biodiversidade.<\/p>\n<input type=\"hidden\" id=\"baseurl\" value=\"https:\/\/noticiasregionais.com.br\"><input type=\"hidden\" id=\"audio_nonce\" value=\"533fbb67b1\">","protected":false},"excerpt":{"rendered":"<p>A Prefeitura de Ourinhos foi credenciada pela Secretaria do Estado de Infraestrutura e Meio Ambiente com o certificado Munic\u00edpio Verde&hellip;<\/p>\n","protected":false},"author":1,"featured_media":1566,"comment_status":"closed","ping_status":"open","sticky":false,"template":"","format":"standard","meta":{"sfsi_plus_gutenberg_text_before_share":"","sfsi_plus_gutenberg_show_text_before_share":"","sfsi_plus_gutenberg_icon_type":"","sfsi_plus_gutenberg_icon_alignemt":"","sfsi_plus_gutenburg_max_per_row":"","footnotes":""},"categories":[5,10,1],"tags":[],"class_list":["post-1565","post","type-post","status-publish","format-standard","has-post-thumbnail","hentry","category-ourinhos","category-destaques","category-noticias"],"_links":{"self":[{"href":"https:\/\/noticiasregionais.com.br\/index.php?rest_route=\/wp\/v2\/posts\/1565","targetHints":{"allow":["GET"]}}],"collection":[{"href":"https:\/\/noticiasregionais.com.br\/index.php?rest_route=\/wp\/v2\/posts"}],"about":[{"href":"https:\/\/noticiasregionais.com.br\/index.php?rest_route=\/wp\/v2\/types\/post"}],"author":[{"embeddable":true,"href":"https:\/\/noticiasregionais.com.br\/index.php?rest_route=\/wp\/v2\/users\/1"}],"replies":[{"embeddable":true,"href":"https:\/\/noticiasregionais.com.br\/index.php?rest_route=%2Fwp%2Fv2%2Fcomments&post=1565"}],"version-history":[{"count":1,"href":"https:\/\/noticiasregionais.com.br\/index.php?rest_route=\/wp\/v2\/posts\/1565\/revisions"}],"predecessor-version":[{"id":1567,"href":"https:\/\/noticiasregionais.com.br\/index.php?rest_route=\/wp\/v2\/posts\/1565\/revisions\/1567"}],"wp:featuredmedia":[{"embeddable":true,"href":"https:\/\/noticiasregionais.com.br\/index.php?rest_route=\/wp\/v2\/media\/1566"}],"wp:attachment":[{"href":"https:\/\/noticiasregionais.com.br\/index.php?rest_route=%2Fwp%2Fv2%2Fmedia&parent=1565"}],"wp:term":[{"taxonomy":"category","embeddable":true,"href":"https:\/\/noticiasregionais.com.br\/index.php?rest_route=%2Fwp%2Fv2%2Fcategories&post=1565"},{"taxonomy":"post_tag","embeddable":true,"href":"https:\/\/noticiasregionais.com.br\/index.php?rest_route=%2Fwp%2Fv2%2Ftags&post=1565"}],"curies":[{"name":"wp","href":"https:\/\/api.w.org\/{rel}","templated":true}]}}