{"id":1572,"date":"2023-12-21T22:54:04","date_gmt":"2023-12-22T01:54:04","guid":{"rendered":"https:\/\/noticiasregionais.com.br\/?p=1572"},"modified":"2023-12-21T22:54:08","modified_gmt":"2023-12-22T01:54:08","slug":"caminhoes-pegam-fogo-apos-acidente-entre-tres-veiculos-e-homem-morre-carbonizado-no-interior-de-sp","status":"publish","type":"post","link":"https:\/\/noticiasregionais.com.br\/?p=1572","title":{"rendered":"Caminh\u00f5es pegam fogo ap\u00f3s acidente entre tr\u00eas ve\u00edculos e homem morre carbonizado no interior de SP"},"content":{"rendered":"\n<p class=\"has-text-align-center\"><strong>Ap\u00f3s acidente envolvendo dois caminh\u00f5es e moto, ve\u00edculos de grande porte pegaram fogo na Rodovia Deputado Le\u00f4nidas Pacheco, a SP-304, entre Ibitinga e Borborema (SP). Um dos condutores dos caminh\u00f5es ficou preso nas ferragens e morreu carbonizado.<\/strong><\/p>\n\n\n\n<p>Um homem morreu carbonizado em um grave acidente envolvendo dois caminh\u00f5es e uma moto, na tarde desta quarta-feira (20), na Rodovia Deputado Le\u00f4nidas Pacheco, a SP-304, entre&nbsp;<a class=\"\" href=\"https:\/\/g1.globo.com\/sp\/bauru-marilia\/cidade\/ibitinga\/\" target=\"_blank\" rel=\"noopener\">Ibitinga<\/a>&nbsp;e&nbsp;<a class=\"\" href=\"https:\/\/g1.globo.com\/sp\/bauru-marilia\/cidade\/borborema-sp\/\" target=\"_blank\" rel=\"noopener\">Borborema (SP)<\/a>.<\/p>\n\n\n\n<p>De acordo com o Corpo de Bombeiros, um dos caminh\u00f5es seguia no sentido&nbsp;<a class=\"\" href=\"https:\/\/g1.globo.com\/sp\/bauru-marilia\/cidade\/ibitinga\/\" target=\"_blank\" rel=\"noopener\">Ibitinga<\/a>&#8211;<a class=\"\" href=\"https:\/\/g1.globo.com\/sp\/bauru-marilia\/cidade\/borborema-sp\/\" target=\"_blank\" rel=\"noopener\">Borborema<\/a>, quando teria tentado ultrapassar a moto e batido de frente com o caminh\u00e3o que seguia no sentido contr\u00e1rio e estava carregado de cervejas e refrigerantes.<\/p>\n\n\n\n<figure class=\"wp-block-image\"><img decoding=\"async\" src=\"https:\/\/s2-g1.glbimg.com\/rHzGNxThRvnRi5jEVFJU1XAHvxU=\/0x0:1280x720\/984x0\/smart\/filters:strip_icc()\/i.s3.glbimg.com\/v1\/AUTH_59edd422c0c84a879bd37670ae4f538a\/internal_photos\/bs\/2023\/g\/6\/fiUByvR1A6SVRWq0VojA\/9451d029-6eef-4852-a459-548a496fa988.jpg\" alt=\"Grave acidente foi registrado entre Ibitinga e Borborema \u2014 Foto: Amanda Sanches\/TV TEM\"\/><\/figure>\n\n\n\n<p><sub>Grave acidente foi registrado entre Ibitinga e Borborema \u2014 Foto: Amanda Sanches\/TV TEM<\/sub><\/p>\n\n\n\n<p>De acordo com informa\u00e7\u00f5es da Pol\u00edcia Rodovi\u00e1ria, ap\u00f3s o acidente envolvendo os tr\u00eas ve\u00edculos, os dois caminh\u00f5es pegaram fogo. Uma enorme nuvem de fuma\u00e7a se formou e o tr\u00e2nsito foi completamente interditado no local.<\/p>\n\n\n\n<figure class=\"wp-block-image\"><img decoding=\"async\" src=\"https:\/\/s2-g1.glbimg.com\/b7RaJfhfNblbUptNrUsUUtmJd_k=\/0x0:1080x810\/984x0\/smart\/filters:strip_icc()\/i.s3.glbimg.com\/v1\/AUTH_59edd422c0c84a879bd37670ae4f538a\/internal_photos\/bs\/2023\/N\/K\/7uUnbZSTmSIzPeOVxr8Q\/whatsapp-image-2023-12-20-at-17.37.21.jpeg\" alt=\"Chamas foram contidas por Corpo de Bombeiros de Ibitinga \u2014 Foto: Arquivo Pessoal\"\/><\/figure>\n\n\n\n<p><sub>Chamas foram contidas por Corpo de Bombeiros de Ibitinga \u2014 Foto: Arquivo Pessoal<\/sub><\/p>\n\n\n\n<p>Ap\u00f3s a colis\u00e3o, o motorista da moto caiu no acostamento, mas saiu ileso do acidente. O condutor do caminh\u00e3o que teria tentado a ultrapassagem foi socorrido e levado \u00e0 Unidade de Pronto Atendimento (UPA) de&nbsp;<a class=\"\" href=\"https:\/\/g1.globo.com\/sp\/bauru-marilia\/cidade\/ibitinga\/\" target=\"_blank\" rel=\"noopener\">Ibitinga<\/a>&nbsp;pelo Servi\u00e7o de Atendimento M\u00f3vel de Urg\u00eancia (Samu). O motorista do caminh\u00e3o de bebidas ficou preso nas ferragens e morreu carbonizado.<\/p>\n\n\n\n<figure class=\"wp-block-image\"><img decoding=\"async\" src=\"https:\/\/s2-g1.glbimg.com\/gS50Th1AmeL8gzoMhUPiIfyhfls=\/0x0:1280x720\/984x0\/smart\/filters:strip_icc()\/i.s3.glbimg.com\/v1\/AUTH_59edd422c0c84a879bd37670ae4f538a\/internal_photos\/bs\/2023\/C\/6\/IyBbFhRHSAVeYUjs4t1g\/whatsapp-image-2023-12-20-at-16.41.55-1-.jpeg\" alt=\"Motorista de caminh\u00e3o com carregamento de cerveja n\u00e3o resistiu ao acidente na SP-304 \u2014 Foto: Amanda Sanches\/TV TEM\"\/><\/figure>\n\n\n\n<p><sub>Motorista de caminh\u00e3o com carregamento de cerveja n\u00e3o resistiu ao acidente na SP-304 \u2014 Foto: Amanda Sanches\/TV TEM<\/sub><\/p>\n\n\n\n<p>Corpo de Bombeiros de&nbsp;<a class=\"\" href=\"https:\/\/g1.globo.com\/sp\/bauru-marilia\/cidade\/ibitinga\/\" target=\"_blank\" rel=\"noopener\">Ibitinga<\/a>, Defesa Civil, Pol\u00edcia Rodovi\u00e1ria e DER atenderam a ocorr\u00eancia. O trecho foi liberado novamente no final da tarde desta quarta-feira.<\/p>\n\n\n\n<p>As causas do acidente ser\u00e3o investigadas pela Pol\u00edcia Civil.<\/p>\n\n\n\n<p><sub><strong>fonte: G1 Bauru e Mar\u00edlia<\/strong><\/sub><\/p>\n<input type=\"hidden\" id=\"baseurl\" value=\"https:\/\/noticiasregionais.com.br\"><input type=\"hidden\" id=\"audio_nonce\" value=\"9ddf44ba02\">","protected":false},"excerpt":{"rendered":"<p>Ap\u00f3s acidente envolvendo dois caminh\u00f5es e moto, ve\u00edculos de grande porte pegaram fogo na Rodovia Deputado Le\u00f4nidas Pacheco, a SP-304,&hellip;<\/p>\n","protected":false},"author":1,"featured_media":1573,"comment_status":"closed","ping_status":"open","sticky":false,"template":"","format":"standard","meta":{"sfsi_plus_gutenberg_text_before_share":"","sfsi_plus_gutenberg_show_text_before_share":"","sfsi_plus_gutenberg_icon_type":"","sfsi_plus_gutenberg_icon_alignemt":"","sfsi_plus_gutenburg_max_per_row":"","footnotes":""},"categories":[6,10,1],"tags":[],"class_list":["post-1572","post","type-post","status-publish","format-standard","has-post-thumbnail","hentry","category-sao_paulo","category-destaques","category-noticias"],"_links":{"self":[{"href":"https:\/\/noticiasregionais.com.br\/index.php?rest_route=\/wp\/v2\/posts\/1572","targetHints":{"allow":["GET"]}}],"collection":[{"href":"https:\/\/noticiasregionais.com.br\/index.php?rest_route=\/wp\/v2\/posts"}],"about":[{"href":"https:\/\/noticiasregionais.com.br\/index.php?rest_route=\/wp\/v2\/types\/post"}],"author":[{"embeddable":true,"href":"https:\/\/noticiasregionais.com.br\/index.php?rest_route=\/wp\/v2\/users\/1"}],"replies":[{"embeddable":true,"href":"https:\/\/noticiasregionais.com.br\/index.php?rest_route=%2Fwp%2Fv2%2Fcomments&post=1572"}],"version-history":[{"count":1,"href":"https:\/\/noticiasregionais.com.br\/index.php?rest_route=\/wp\/v2\/posts\/1572\/revisions"}],"predecessor-version":[{"id":1574,"href":"https:\/\/noticiasregionais.com.br\/index.php?rest_route=\/wp\/v2\/posts\/1572\/revisions\/1574"}],"wp:featuredmedia":[{"embeddable":true,"href":"https:\/\/noticiasregionais.com.br\/index.php?rest_route=\/wp\/v2\/media\/1573"}],"wp:attachment":[{"href":"https:\/\/noticiasregionais.com.br\/index.php?rest_route=%2Fwp%2Fv2%2Fmedia&parent=1572"}],"wp:term":[{"taxonomy":"category","embeddable":true,"href":"https:\/\/noticiasregionais.com.br\/index.php?rest_route=%2Fwp%2Fv2%2Fcategories&post=1572"},{"taxonomy":"post_tag","embeddable":true,"href":"https:\/\/noticiasregionais.com.br\/index.php?rest_route=%2Fwp%2Fv2%2Ftags&post=1572"}],"curies":[{"name":"wp","href":"https:\/\/api.w.org\/{rel}","templated":true}]}}