{"id":1576,"date":"2023-12-23T14:29:32","date_gmt":"2023-12-23T17:29:32","guid":{"rendered":"https:\/\/noticiasregionais.com.br\/?p=1576"},"modified":"2023-12-23T14:29:34","modified_gmt":"2023-12-23T17:29:34","slug":"mendonca-nega-liminar-do-pt-e-psol-em-acao-contra-privatizacao-da-sabesp","status":"publish","type":"post","link":"https:\/\/noticiasregionais.com.br\/?p=1576","title":{"rendered":"Mendon\u00e7a nega liminar do PT e PSOL em a\u00e7\u00e3o contra privatiza\u00e7\u00e3o da Sabesp"},"content":{"rendered":"\n<p class=\"has-text-align-center\"><strong>O ministro n\u00e3o reconheceu a argumenta\u00e7\u00e3o dos partidos de que facilitar a privatiza\u00e7\u00e3o da Sabesp fere a Constitui\u00e7\u00e3o.<\/strong><\/p>\n\n\n\n<p>O ministro do STF, Andr\u00e9 Mendon\u00e7a, negou liminar do PT e do PSOL em uma a\u00e7\u00e3o contra a privatiza\u00e7\u00e3o da Sabesp.<\/p>\n\n\n\n<p>Mendon\u00e7a avaliou que regulamenta\u00e7\u00e3o do governo de S\u00e3o Paulo segue o novo Marco Legal do Saneamento. Ao aplicar esse entendimento, o ministro n\u00e3o reconheceu a argumenta\u00e7\u00e3o dos partidos de que facilitar a privatiza\u00e7\u00e3o da Sabesp fere a Constitui\u00e7\u00e3o. A decis\u00e3o \u00e9 monocr\u00e1tica e ainda pode ser revertida no plen\u00e1rio do STF.<\/p>\n\n\n\n<p>A ideia do governo Tarc\u00edsio \u00e9 regionalizar os servi\u00e7os de \u00e1gua e esgoto. Com essa regulamenta\u00e7\u00e3o, a gest\u00e3o de saneamento deixaria de ser feita entre a Sabesp e cada cidade, passando para um conselho que reuniria representantes do estado e dos munic\u00edpios. Esses conselhos se chamam Uraes (Unidades Regionais de Servi\u00e7os de Abastecimento de \u00c1gua Pot\u00e1vel e Esgotamento Sanit\u00e1rio).<\/p>\n\n\n\n<p>Mudan\u00e7a abre portas para privatiza\u00e7\u00e3o da Sabesp. Isso porque, com a presta\u00e7\u00e3o do servi\u00e7o em bloco e contrato \u00fanico, a estatal desperta mais interesse de empresas privadas. No modelo atual, a divis\u00e3o entre cidades s\u00f3 favorece concess\u00f5es, j\u00e1 que os acordos da companhia com as maiores cidades do estado t\u00eam uma cl\u00e1usula que prev\u00ea o cancelamento dos contratos em caso de privatiza\u00e7\u00e3o.<\/p>\n\n\n\n<p>PSOL e PT queriam a anula\u00e7\u00e3o de decreto que deu novos poderes a conselhos deliberativos. As Uraes foram criadas em 2021 para adequar a estrutura de S\u00e3o Paulo ao novo marco regulat\u00f3rio do saneamento.<\/p>\n\n\n\n<p>Um decreto do governo paulista de agosto ampliou a atua\u00e7\u00f5es das Uraes. O texto conferiu aos conselhos a compet\u00eancia para &#8220;deliberar acerca da celebra\u00e7\u00e3o de contratos, conv\u00eanios, parcerias e outros instrumentos [\u2026] para a gest\u00e3o associada dos servi\u00e7os p\u00fablicos de abastecimento de \u00e1gua pot\u00e1vel e esgotamento sanit\u00e1rio&#8221;.<\/p>\n<input type=\"hidden\" id=\"baseurl\" value=\"https:\/\/noticiasregionais.com.br\"><input type=\"hidden\" id=\"audio_nonce\" value=\"533fbb67b1\">","protected":false},"excerpt":{"rendered":"<p>O ministro n\u00e3o reconheceu a argumenta\u00e7\u00e3o dos partidos de que facilitar a privatiza\u00e7\u00e3o da Sabesp fere a Constitui\u00e7\u00e3o. O ministro&hellip;<\/p>\n","protected":false},"author":1,"featured_media":1577,"comment_status":"closed","ping_status":"open","sticky":false,"template":"","format":"standard","meta":{"sfsi_plus_gutenberg_text_before_share":"","sfsi_plus_gutenberg_show_text_before_share":"","sfsi_plus_gutenberg_icon_type":"","sfsi_plus_gutenberg_icon_alignemt":"","sfsi_plus_gutenburg_max_per_row":"","footnotes":""},"categories":[6,10,1],"tags":[],"class_list":["post-1576","post","type-post","status-publish","format-standard","has-post-thumbnail","hentry","category-sao_paulo","category-destaques","category-noticias"],"_links":{"self":[{"href":"https:\/\/noticiasregionais.com.br\/index.php?rest_route=\/wp\/v2\/posts\/1576","targetHints":{"allow":["GET"]}}],"collection":[{"href":"https:\/\/noticiasregionais.com.br\/index.php?rest_route=\/wp\/v2\/posts"}],"about":[{"href":"https:\/\/noticiasregionais.com.br\/index.php?rest_route=\/wp\/v2\/types\/post"}],"author":[{"embeddable":true,"href":"https:\/\/noticiasregionais.com.br\/index.php?rest_route=\/wp\/v2\/users\/1"}],"replies":[{"embeddable":true,"href":"https:\/\/noticiasregionais.com.br\/index.php?rest_route=%2Fwp%2Fv2%2Fcomments&post=1576"}],"version-history":[{"count":1,"href":"https:\/\/noticiasregionais.com.br\/index.php?rest_route=\/wp\/v2\/posts\/1576\/revisions"}],"predecessor-version":[{"id":1578,"href":"https:\/\/noticiasregionais.com.br\/index.php?rest_route=\/wp\/v2\/posts\/1576\/revisions\/1578"}],"wp:featuredmedia":[{"embeddable":true,"href":"https:\/\/noticiasregionais.com.br\/index.php?rest_route=\/wp\/v2\/media\/1577"}],"wp:attachment":[{"href":"https:\/\/noticiasregionais.com.br\/index.php?rest_route=%2Fwp%2Fv2%2Fmedia&parent=1576"}],"wp:term":[{"taxonomy":"category","embeddable":true,"href":"https:\/\/noticiasregionais.com.br\/index.php?rest_route=%2Fwp%2Fv2%2Fcategories&post=1576"},{"taxonomy":"post_tag","embeddable":true,"href":"https:\/\/noticiasregionais.com.br\/index.php?rest_route=%2Fwp%2Fv2%2Ftags&post=1576"}],"curies":[{"name":"wp","href":"https:\/\/api.w.org\/{rel}","templated":true}]}}