{"id":1579,"date":"2023-12-23T14:48:18","date_gmt":"2023-12-23T17:48:18","guid":{"rendered":"https:\/\/noticiasregionais.com.br\/?p=1579"},"modified":"2023-12-23T14:48:21","modified_gmt":"2023-12-23T17:48:21","slug":"acidente-de-moto-na-vila-boa-esperanca-em-ourinhos-tira-a-vida-de-jovem-com-27-anos-de-idade","status":"publish","type":"post","link":"https:\/\/noticiasregionais.com.br\/?p=1579","title":{"rendered":"Acidente de moto na Vila Boa Esperan\u00e7a em Ourinhos tira a vida de jovem com 27 anos de idade"},"content":{"rendered":"\n<p>Na tarde deste s\u00e1bado, 23 de dezembro, foi confirmado o falecimento de Denis Aquino Ferreira, de 27 anos, v\u00edtima de um acidente de moto na madrugada. A fatalidade ocorreu por volta das 5:00, na Rua \u00c2ngelo Sedassari, na Vila Boa Esperan\u00e7a, em Ourinhos (SP).  Denis, conduzindo uma motocicleta Honda CB250F Twister colidiu violentamente contra um poste, resultando em ferimentos graves.ocorrido na madrugada de hoje. Aos amigos e familiares do jovem, desejamos nossas sinceras condol\u00eancias.<\/p>\n<input type=\"hidden\" id=\"baseurl\" value=\"https:\/\/noticiasregionais.com.br\"><input type=\"hidden\" id=\"audio_nonce\" value=\"51537c5ade\">","protected":false},"excerpt":{"rendered":"<p>Na tarde deste s\u00e1bado, 23 de dezembro, foi confirmado o falecimento de Denis Aquino Ferreira, de 27 anos, v\u00edtima de&hellip;<\/p>\n","protected":false},"author":1,"featured_media":1580,"comment_status":"closed","ping_status":"open","sticky":false,"template":"","format":"standard","meta":{"sfsi_plus_gutenberg_text_before_share":"","sfsi_plus_gutenberg_show_text_before_share":"","sfsi_plus_gutenberg_icon_type":"","sfsi_plus_gutenberg_icon_alignemt":"","sfsi_plus_gutenburg_max_per_row":"","footnotes":""},"categories":[5,12,1],"tags":[],"class_list":["post-1579","post","type-post","status-publish","format-standard","has-post-thumbnail","hentry","category-ourinhos","category-capa","category-noticias"],"_links":{"self":[{"href":"https:\/\/noticiasregionais.com.br\/index.php?rest_route=\/wp\/v2\/posts\/1579","targetHints":{"allow":["GET"]}}],"collection":[{"href":"https:\/\/noticiasregionais.com.br\/index.php?rest_route=\/wp\/v2\/posts"}],"about":[{"href":"https:\/\/noticiasregionais.com.br\/index.php?rest_route=\/wp\/v2\/types\/post"}],"author":[{"embeddable":true,"href":"https:\/\/noticiasregionais.com.br\/index.php?rest_route=\/wp\/v2\/users\/1"}],"replies":[{"embeddable":true,"href":"https:\/\/noticiasregionais.com.br\/index.php?rest_route=%2Fwp%2Fv2%2Fcomments&post=1579"}],"version-history":[{"count":1,"href":"https:\/\/noticiasregionais.com.br\/index.php?rest_route=\/wp\/v2\/posts\/1579\/revisions"}],"predecessor-version":[{"id":1581,"href":"https:\/\/noticiasregionais.com.br\/index.php?rest_route=\/wp\/v2\/posts\/1579\/revisions\/1581"}],"wp:featuredmedia":[{"embeddable":true,"href":"https:\/\/noticiasregionais.com.br\/index.php?rest_route=\/wp\/v2\/media\/1580"}],"wp:attachment":[{"href":"https:\/\/noticiasregionais.com.br\/index.php?rest_route=%2Fwp%2Fv2%2Fmedia&parent=1579"}],"wp:term":[{"taxonomy":"category","embeddable":true,"href":"https:\/\/noticiasregionais.com.br\/index.php?rest_route=%2Fwp%2Fv2%2Fcategories&post=1579"},{"taxonomy":"post_tag","embeddable":true,"href":"https:\/\/noticiasregionais.com.br\/index.php?rest_route=%2Fwp%2Fv2%2Ftags&post=1579"}],"curies":[{"name":"wp","href":"https:\/\/api.w.org\/{rel}","templated":true}]}}