{"id":1582,"date":"2023-12-26T09:05:07","date_gmt":"2023-12-26T12:05:07","guid":{"rendered":"https:\/\/noticiasregionais.com.br\/?p=1582"},"modified":"2023-12-26T09:07:04","modified_gmt":"2023-12-26T12:07:04","slug":"pre-prende-beneficiario-da-saidinha-na-contramao-e-embriagado-em-palmital","status":"publish","type":"post","link":"https:\/\/noticiasregionais.com.br\/?p=1582","title":{"rendered":"PRE prende benefici\u00e1rio da &#8220;saidinha&#8221; na contram\u00e3o e embriagado em Palmital"},"content":{"rendered":"\n<p>Na manh\u00e3 deste feriado, durante a execu\u00e7\u00e3o da Opera\u00e7\u00e3o Natal, a Pol\u00edcia Militar Rodovi\u00e1ria surpreendeu um motorista em situa\u00e7\u00e3o alarmante na Rodovia Raposo Tavares, no km 427, sentido Oeste, pr\u00f3ximo a Palmital\/SP. O condutor, identificado como LGS, de 30 anos, benefici\u00e1rio de sa\u00edda tempor\u00e1ria, foi detido por conduzir uma Saveiro, com placas de Assis\/SP, de maneira perigosa.<\/p>\n\n\n\n<p>O flagrante ocorreu por volta das 8h30min, quando os policiais operavam o Radar Port\u00e1til e notaram o ve\u00edculo em alta velocidade trafegando pela contram\u00e3o da rodovia. Ap\u00f3s um breve acompanhamento, os agentes conseguiram abordar o condutor, que demonstrava sinais evidentes de embriaguez.<\/p>\n\n\n\n<p>O infrator foi submetido ao teste do etil\u00f4metro, que confirmou a suspeita dos policiais: o resultado foi positivo para ingest\u00e3o de bebida alco\u00f3lica. Surpreendentemente, ao consultar o terminal Prodesp, foi constatado que o motorista estava cumprindo pena em regime fechado na Penitenci\u00e1ria de Presidente Bernardes\/SP. No entanto, ele usufru\u00eda dos benef\u00edcios da sa\u00edda tempor\u00e1ria de Natal e Ano Novo.<\/p>\n\n\n\n<p>Diante dessa situa\u00e7\u00e3o, os policiais deram voz de pris\u00e3o em flagrante ao infrator, que responder\u00e1 pelo crime de Embriaguez ao Volante. A ocorr\u00eancia foi encaminhada \u00e0 Central de Pol\u00edcia Judici\u00e1ria de Assis\/SP para os procedimentos legais.<\/p>\n\n\n\n<p>O sentenciado foi recolhido pela Penitenci\u00e1ria de Assis\/SP, aguardando posterior transfer\u00eancia. A a\u00e7\u00e3o r\u00e1pida da Pol\u00edcia Militar Rodovi\u00e1ria contribuiu para evitar potenciais riscos \u00e0 seguran\u00e7a vi\u00e1ria, destacando a import\u00e2ncia das opera\u00e7\u00f5es especiais durante os feriados, quando o aumento do fluxo nas estradas exige uma presen\u00e7a mais intensiva das for\u00e7as de seguran\u00e7a.<\/p>\n<input type=\"hidden\" id=\"baseurl\" value=\"https:\/\/noticiasregionais.com.br\"><input type=\"hidden\" id=\"audio_nonce\" value=\"3cdc555a10\">","protected":false},"excerpt":{"rendered":"<p>Na manh\u00e3 deste feriado, durante a execu\u00e7\u00e3o da Opera\u00e7\u00e3o Natal, a Pol\u00edcia Militar Rodovi\u00e1ria surpreendeu um motorista em situa\u00e7\u00e3o alarmante&hellip;<\/p>\n","protected":false},"author":1,"featured_media":1585,"comment_status":"closed","ping_status":"open","sticky":false,"template":"","format":"standard","meta":{"sfsi_plus_gutenberg_text_before_share":"","sfsi_plus_gutenberg_show_text_before_share":"","sfsi_plus_gutenberg_icon_type":"","sfsi_plus_gutenberg_icon_alignemt":"","sfsi_plus_gutenburg_max_per_row":"","footnotes":""},"categories":[6,10,1],"tags":[],"class_list":["post-1582","post","type-post","status-publish","format-standard","has-post-thumbnail","hentry","category-sao_paulo","category-destaques","category-noticias"],"_links":{"self":[{"href":"https:\/\/noticiasregionais.com.br\/index.php?rest_route=\/wp\/v2\/posts\/1582","targetHints":{"allow":["GET"]}}],"collection":[{"href":"https:\/\/noticiasregionais.com.br\/index.php?rest_route=\/wp\/v2\/posts"}],"about":[{"href":"https:\/\/noticiasregionais.com.br\/index.php?rest_route=\/wp\/v2\/types\/post"}],"author":[{"embeddable":true,"href":"https:\/\/noticiasregionais.com.br\/index.php?rest_route=\/wp\/v2\/users\/1"}],"replies":[{"embeddable":true,"href":"https:\/\/noticiasregionais.com.br\/index.php?rest_route=%2Fwp%2Fv2%2Fcomments&post=1582"}],"version-history":[{"count":1,"href":"https:\/\/noticiasregionais.com.br\/index.php?rest_route=\/wp\/v2\/posts\/1582\/revisions"}],"predecessor-version":[{"id":1584,"href":"https:\/\/noticiasregionais.com.br\/index.php?rest_route=\/wp\/v2\/posts\/1582\/revisions\/1584"}],"wp:featuredmedia":[{"embeddable":true,"href":"https:\/\/noticiasregionais.com.br\/index.php?rest_route=\/wp\/v2\/media\/1585"}],"wp:attachment":[{"href":"https:\/\/noticiasregionais.com.br\/index.php?rest_route=%2Fwp%2Fv2%2Fmedia&parent=1582"}],"wp:term":[{"taxonomy":"category","embeddable":true,"href":"https:\/\/noticiasregionais.com.br\/index.php?rest_route=%2Fwp%2Fv2%2Fcategories&post=1582"},{"taxonomy":"post_tag","embeddable":true,"href":"https:\/\/noticiasregionais.com.br\/index.php?rest_route=%2Fwp%2Fv2%2Ftags&post=1582"}],"curies":[{"name":"wp","href":"https:\/\/api.w.org\/{rel}","templated":true}]}}