{"id":1586,"date":"2023-12-26T09:36:18","date_gmt":"2023-12-26T12:36:18","guid":{"rendered":"https:\/\/noticiasregionais.com.br\/?p=1586"},"modified":"2023-12-26T09:36:21","modified_gmt":"2023-12-26T12:36:21","slug":"lula-deixa-em-2o-plano-minorias-e-pautas-progressistas-em-meio-a-pressoes","status":"publish","type":"post","link":"https:\/\/noticiasregionais.com.br\/?p=1586","title":{"rendered":"Lula deixa em 2\u00ba plano minorias e pautas progressistas em meio a press\u00f5es"},"content":{"rendered":"\n<p class=\"has-text-align-center\"><strong>Presidente come\u00e7ou o ano com recorde de 11 ministras em 37 pastas, e termina com 9 mulheres titulares e 38 minist\u00e9rios<\/strong><\/p>\n\n\n\n<p>O presidente Lula (PT) subiu a rampa presidencial com representantes da sociedade &#8211; negro, trabalhador, mulher, pessoa com defici\u00eancia, ind\u00edgena e crian\u00e7a -, num simbolismo da representatividade que levaria ao seu governo.<\/p>\n\n\n\n<p>Al\u00e9m disso, carregou para dentro do Pal\u00e1cio do Planalto e para seus discursos a defesa de pautas progressistas e de esquerda, sobretudo a grupos minorit\u00e1rios. Mas esses temas ficaram em segundo plano no seu primeiro ano de governo.<\/p>\n\n\n\n<p>Lula recriou minist\u00e9rios, deu visibilidade a temas e anunciou projetos e programas importantes para esses segmentos. No entanto, quando os interesses se chocaram com outras prioridades, mulheres, negros, LGBTQIA+ e ind\u00edgenas sa\u00edram perdendo na disputa.<\/p>\n\n\n\n<p>Auxiliares palacianos alegam que a preocupa\u00e7\u00e3o em contemplar esses grupos com pol\u00edticas p\u00fablicas est\u00e1 de forma transversal em todas as pastas.<\/p>\n\n\n\n<p>Destacam que a aprova\u00e7\u00e3o do petista n\u00e3o est\u00e1 em patamar que lhe garanta tocar pautas progressistas caras ao seu eleitorado, mas que geram desgaste com o restante da popula\u00e7\u00e3o.<\/p>\n\n\n\n<p>Al\u00e9m disso, s\u00e3o temas que enfrentam resist\u00eancia em um Congresso de composi\u00e7\u00e3o mais conservadora, no momento em que o governo busca o apoio para aprovar a pauta econ\u00f4mica do ministro da Fazenda, Fernando Haddad.<\/p>\n\n\n\n<p>De acordo com pesquisa Datafolha divulgada em 7 de dezembro, Lula manteve sua avalia\u00e7\u00e3o est\u00e1vel. O petista fecha o ano com 38% de aprova\u00e7\u00e3o dos brasileiros, enquanto 30% consideram seu trabalho regular, e o mesmo n\u00famero, ruim ou p\u00e9ssimo.<\/p>\n\n\n\n<p>A posse de Lula foi repleta de simbolismos, incluindo a imagem do petista subindo a rampa ao lado da primeira-dama Ros\u00e2ngela da Silva, a Janja, e de representantes do povo brasileiro &#8211; gesto que ocorreu porque o ex-presidente Jair Bolsonaro (PL) se recusou a participar da tradicional cerim\u00f4nia de passagem de faixa.<\/p>\n\n\n\n<p>Acompanharam Lula o cacique Raoni; o artes\u00e3o Fl\u00e1vio Pereira; a catadora Aline Sousa; o professor Murilo de Quadros Jesus; o metal\u00fargico e DJ Weslley Rodrigues Rocha; o ativista anticapacitista e influenciador Ivan Baron; a cozinheira Jucimara Fausto dos Santos; e Francisco Carlos do Nascimento e Silva, um estudante de 10 anos, morador de Itaquera.<\/p>\n\n\n\n<p>No discurso, Lula prometeu combater as desigualdades, sendo essa a sua principal bandeira ao longo do ano, ressaltada na maioria das falas p\u00fablicas.<\/p>\n\n\n\n<p>Um dos pontos levantados foi o das mulheres, que o ajudaram a derrotar Bolsonaro, uma vez que essa fatia do eleitorado manteve alta rejei\u00e7\u00e3o ao ent\u00e3o presidente durante a campanha.<\/p>\n\n\n\n<p>Lula criou o Minist\u00e9rio da Mulher, sob o comando de Cida Gon\u00e7alves, e editou a lei da igualdade salarial. Por outro lado, foi criticado ao n\u00e3o indicar uma mulher para o STF (Supremo Tribunal Federal).<\/p>\n\n\n\n<p>Com direito a escolher dois nomes, ele priorizou aliados, o advogado Cristiano Zanin e o ministro da Justi\u00e7a, Fl\u00e1vio Dino. Por consequ\u00eancia, diminuiu o n\u00famero de mulheres no Supremo, uma vez que a segunda vaga era para o lugar de Rosa Weber, que se aposentou neste ano.<\/p>\n\n\n\n<p>Lula come\u00e7ou o ano com recorde de 11 ministras em 37 pastas, e termina com 9 mulheres titulares e 38 minist\u00e9rios.<\/p>\n\n\n\n<p>Trocas ocorreram para acomodar aliados do centr\u00e3o, num movimento de pragmatismo do presidente. Ele demitiu Ana Moser (Esportes), para acomodar Andr\u00e9 Fufuca (PP-MA), e Daniela Carneiro, para entrar Celso Sabino (Uni\u00e3o Brasil-PA).<\/p>\n\n\n\n<p>Lula nomeou, pela primeira vez, mulheres para o comando de bancos p\u00fablicos, Rita Serrano (Caixa Econ\u00f4mica Federal) e Tarciana Medeiros (Banco do Brasil). Mas demitiu a primeira para dar lugar ao funcion\u00e1rio de carreira Carlos Vieira, aliado do presidente da C\u00e2mara, Arthur Lira (PP-AL).<\/p>\n\n\n\n<p>O presidente atribuiu a queda na representatividade aos partidos pol\u00edticos, que nem sempre teriam mulheres para indicar aos cargos, segundo ele.<\/p>\n\n\n\n<p>Em outra frente, o chefe do Executivo neste ano fez a titula\u00e7\u00e3o de territ\u00f3rios quilombolas, ap\u00f3s anos sem reconhecimento sob a gest\u00e3o de Bolsonaro.<\/p>\n\n\n\n<p>Ao nomear Fl\u00e1vio Dino, que se autodeclara pardo, para a segunda vaga do STF, ele contemplou a indica\u00e7\u00e3o de um negro (pretos e pardos), ainda que esse n\u00e3o tenha sido crit\u00e9rio principal para a escolha.<\/p>\n\n\n\n<p>A mesma classifica\u00e7\u00e3o, por outro lado, levou o governo a uma saia justa. No fim de mar\u00e7o, em uma cerim\u00f4nia no Pal\u00e1cio do Planalto, Lula assinou um decreto prevendo cotas para negros em cargos de chefia na administra\u00e7\u00e3o federal.<\/p>\n\n\n\n<p>No entanto, como mostrou a Folha de S.Paulo, um detalhe no texto resultou que as metas anunciadas n\u00e3o tenham efeito pr\u00e1tico, pois j\u00e1 estavam praticamente cumpridas no momento do an\u00fancio.<\/p>\n\n\n\n<p>O decreto reserva 30% das vagas em cargos de comiss\u00e3o para negros na administra\u00e7\u00e3o p\u00fablica federal direta, autarquias e funda\u00e7\u00f5es. O prazo para o atendimento da meta \u00e9 dezembro de 2025.<\/p>\n\n\n\n<p>O crit\u00e9rio \u00e9 a autodeclara\u00e7\u00e3o. O texto utiliza o conceito de negro que abrange pretos e pardos. Mas, por esse crit\u00e9rio, as metas estabelecidas pelo governo j\u00e1 est\u00e3o praticamente cumpridas ?isso porque os pardos j\u00e1 representam grande fatia dessa meta, sendo pretos minoria.<\/p>\n\n\n\n<p>Integrantes do governo alegam, entre outras coisas, que a import\u00e2ncia \u00e9 criar um crit\u00e9rio que seja mantido al\u00e9m de governos.<\/p>\n\n\n\n<p>Quanto aos direitos ind\u00edgenas, o Congresso retirou a prerrogativa da demarca\u00e7\u00e3o de terras do Minist\u00e9rio dos Povos Ind\u00edgenas, ao qual a Funai (Funda\u00e7\u00e3o Nacional dos Povos Ind\u00edgenas) est\u00e1 vinculada, e a passou para o Minist\u00e9rio da Justi\u00e7a.<\/p>\n\n\n\n<p>\u00c0 \u00e9poca, o governo teve de negociar muitos pontos com parlamentares, sobretudo do centr\u00e3o, e lideran\u00e7as ind\u00edgenas se queixaram de que o Planalto as rifou nesse processo.<\/p>\n\n\n\n<p>Tamb\u00e9m numa briga de estica e puxa com deputados e senadores, o governo atendeu aos interesses ind\u00edgenas ao vetar o marco temporal. Mas parte dos vetos foi derrubada pelo Congresso.<\/p>\n\n\n\n<p>Lula ainda termina o ano sem recriar a Comiss\u00e3o de Mortos e Desaparecidos, que indeniza familiares de v\u00edtimas da ditadura militar.<\/p>\n\n\n\n<p>A volta do grupo, extinto pelo ex-presidente, enfrenta resist\u00eancia dos militares, com quem o petista buscou apaziguar e normalizar as rela\u00e7\u00f5es.<\/p>\n\n\n\n<p>Integrantes da base de Lula no Congresso demandam maior aten\u00e7\u00e3o a essas pautas, apesar de dizerem que houve avan\u00e7os importantes nos \u00faltimos 12 meses, em particular em compara\u00e7\u00e3o aos anos anteriores.<\/p>\n\n\n\n<p>&#8220;Este primeiro ano de governo Lula representa um per\u00edodo de reconstru\u00e7\u00e3o literal do Brasil, visto que pol\u00edticas p\u00fablicas essenciais foram desconstru\u00eddas nos \u00faltimos quatro anos de governo Bolsonaro&#8221;, disse a deputada Daiana Santos (PC do B-RS).<\/p>\n\n\n\n<p>&#8220;\u00c9 por isso que a visibilidade e o pr\u00f3prio espa\u00e7o dentro de um governo s\u00e3o importantes. Para termos pol\u00edticas em defesa da nossa popula\u00e7\u00e3o, primeiro temos que ser reconhecidos como sujeitos de direito. Al\u00e9m de [haver] ministras e pessoas em espa\u00e7o de poder&#8221;, completou.<\/p>\n\n\n\n<p>J\u00e1 a deputada Tal\u00edria Petrone (PSOL-RJ) destaca a cria\u00e7\u00e3o do Minist\u00e9rio da Igualdade Racial e o programa de pol\u00edticas afirmativas, entre outros pontos. Por outro lado, critica a falta de indica\u00e7\u00f5es de pessoas negras para cargos-chave, como ao STF.<\/p>\n\n\n\n<p>&#8220;A gente precisa mudar a fotografia do poder no Brasil e, sem d\u00favida, a gente ter diferentes Poderes com mais pessoas negras. Infelizmente, a gente vai ter um Supremo sem uma pessoa negra&#8221;, admitiu.<\/p>\n\n\n\n<p><strong><sub>fonte: Sampi \/ Folhapress<\/sub><\/strong><\/p>\n<input type=\"hidden\" id=\"baseurl\" value=\"https:\/\/noticiasregionais.com.br\"><input type=\"hidden\" id=\"audio_nonce\" value=\"51537c5ade\">","protected":false},"excerpt":{"rendered":"<p>Presidente come\u00e7ou o ano com recorde de 11 ministras em 37 pastas, e termina com 9 mulheres titulares e 38&hellip;<\/p>\n","protected":false},"author":1,"featured_media":1587,"comment_status":"closed","ping_status":"open","sticky":false,"template":"","format":"standard","meta":{"sfsi_plus_gutenberg_text_before_share":"","sfsi_plus_gutenberg_show_text_before_share":"","sfsi_plus_gutenberg_icon_type":"","sfsi_plus_gutenberg_icon_alignemt":"","sfsi_plus_gutenburg_max_per_row":"","footnotes":""},"categories":[8,10,1],"tags":[],"class_list":["post-1586","post","type-post","status-publish","format-standard","has-post-thumbnail","hentry","category-brasil","category-destaques","category-noticias"],"_links":{"self":[{"href":"https:\/\/noticiasregionais.com.br\/index.php?rest_route=\/wp\/v2\/posts\/1586","targetHints":{"allow":["GET"]}}],"collection":[{"href":"https:\/\/noticiasregionais.com.br\/index.php?rest_route=\/wp\/v2\/posts"}],"about":[{"href":"https:\/\/noticiasregionais.com.br\/index.php?rest_route=\/wp\/v2\/types\/post"}],"author":[{"embeddable":true,"href":"https:\/\/noticiasregionais.com.br\/index.php?rest_route=\/wp\/v2\/users\/1"}],"replies":[{"embeddable":true,"href":"https:\/\/noticiasregionais.com.br\/index.php?rest_route=%2Fwp%2Fv2%2Fcomments&post=1586"}],"version-history":[{"count":1,"href":"https:\/\/noticiasregionais.com.br\/index.php?rest_route=\/wp\/v2\/posts\/1586\/revisions"}],"predecessor-version":[{"id":1588,"href":"https:\/\/noticiasregionais.com.br\/index.php?rest_route=\/wp\/v2\/posts\/1586\/revisions\/1588"}],"wp:featuredmedia":[{"embeddable":true,"href":"https:\/\/noticiasregionais.com.br\/index.php?rest_route=\/wp\/v2\/media\/1587"}],"wp:attachment":[{"href":"https:\/\/noticiasregionais.com.br\/index.php?rest_route=%2Fwp%2Fv2%2Fmedia&parent=1586"}],"wp:term":[{"taxonomy":"category","embeddable":true,"href":"https:\/\/noticiasregionais.com.br\/index.php?rest_route=%2Fwp%2Fv2%2Fcategories&post=1586"},{"taxonomy":"post_tag","embeddable":true,"href":"https:\/\/noticiasregionais.com.br\/index.php?rest_route=%2Fwp%2Fv2%2Ftags&post=1586"}],"curies":[{"name":"wp","href":"https:\/\/api.w.org\/{rel}","templated":true}]}}