{"id":1589,"date":"2023-12-26T10:27:54","date_gmt":"2023-12-26T13:27:54","guid":{"rendered":"https:\/\/noticiasregionais.com.br\/?p=1589"},"modified":"2023-12-26T10:28:06","modified_gmt":"2023-12-26T13:28:06","slug":"consulte-o-calendario-do-vestibular-das-fatecs-para-o-primeiro-semestre-de-2024","status":"publish","type":"post","link":"https:\/\/noticiasregionais.com.br\/?p=1589","title":{"rendered":"Consulte o calend\u00e1rio do Vestibular das Fatecs para o primeiro semestre de 2024"},"content":{"rendered":"\n<p class=\"has-text-align-center\"><strong>Em janeiro, ser\u00e3o divulgados os locais dos exames do processo seletivo; os candidatos fazem a prova no dia 7 do pr\u00f3ximo m\u00eas<\/strong><\/p>\n\n\n\n<p>A partir das 15h do dia 3 de janeiro de 2024, ser\u00e3o divulgados os locais de prova do processo seletivo das Faculdades de Tecnologia do Estado (Fatecs) para o primeiro semestre de 2024, exclusivamente pela internet.<\/p>\n\n\n\n<p>As 77 unidades administradas pelo Centro Paula Souza (CPS), autarquia do Governo do Estado de S\u00e3o Paulo vinculada \u00e0 Secretaria de Ci\u00eancia, Tecnologia e Inova\u00e7\u00e3o, ofertam mais de 90 op\u00e7\u00f5es em cursos superiores de tecnologia. Com curr\u00edculos constantemente atualizados, as forma\u00e7\u00f5es s\u00e3o alinhadas \u00e0s atuais demandas do mercado de trabalho e acompanham as tend\u00eancias tecnol\u00f3gicas e empresariais.<\/p>\n\n\n\n<p>Atualmente, o n\u00famero de matriculados nos cursos de gradua\u00e7\u00e3o tecnol\u00f3gica das Faculdades de Tecnologia supera 90 mil estudantes.<\/p>\n\n\n\n<p>Confira as pr\u00f3ximas datas do Vestibular das Fatecs:<\/p>\n\n\n\n<p>3 de janeiro de 2024 (a partir das 15h): divulga\u00e7\u00e3o dos locais de prova;<br>7 de janeiro de 2024 (\u00e0s 13h): exame do Vestibular;<br>8 de janeiro de 2024 (a partir das 15h): divulga\u00e7\u00e3o do gabarito oficial.<br>19 de janeiro de 2024 (a partir das 15h): divulga\u00e7\u00e3o da lista de lista de classifica\u00e7\u00e3o geral e desempenho de candidatos;<br>19 de janeiro de 2024 (a partir das 15h): convoca\u00e7\u00e3o da primeira chamada para matr\u00edculas;<br>22 a 24 de janeiro de 2024: matr\u00edcula com envio de documenta\u00e7\u00e3o \u2013 por meio digital, via upload, no Sistema de Matr\u00edcula remoto;<br>25 de janeiro de 2024 (a partir das 15h): divulga\u00e7\u00e3o do resultado da an\u00e1lise das matr\u00edculas da primeira chamada.<\/p>\n<input type=\"hidden\" id=\"baseurl\" value=\"https:\/\/noticiasregionais.com.br\"><input type=\"hidden\" id=\"audio_nonce\" value=\"533fbb67b1\">","protected":false},"excerpt":{"rendered":"<p>Em janeiro, ser\u00e3o divulgados os locais dos exames do processo seletivo; os candidatos fazem a prova no dia 7 do&hellip;<\/p>\n","protected":false},"author":1,"featured_media":1590,"comment_status":"closed","ping_status":"open","sticky":false,"template":"","format":"standard","meta":{"sfsi_plus_gutenberg_text_before_share":"","sfsi_plus_gutenberg_show_text_before_share":"","sfsi_plus_gutenberg_icon_type":"","sfsi_plus_gutenberg_icon_alignemt":"","sfsi_plus_gutenburg_max_per_row":"","footnotes":""},"categories":[6,10,1],"tags":[],"class_list":["post-1589","post","type-post","status-publish","format-standard","has-post-thumbnail","hentry","category-sao_paulo","category-destaques","category-noticias"],"_links":{"self":[{"href":"https:\/\/noticiasregionais.com.br\/index.php?rest_route=\/wp\/v2\/posts\/1589","targetHints":{"allow":["GET"]}}],"collection":[{"href":"https:\/\/noticiasregionais.com.br\/index.php?rest_route=\/wp\/v2\/posts"}],"about":[{"href":"https:\/\/noticiasregionais.com.br\/index.php?rest_route=\/wp\/v2\/types\/post"}],"author":[{"embeddable":true,"href":"https:\/\/noticiasregionais.com.br\/index.php?rest_route=\/wp\/v2\/users\/1"}],"replies":[{"embeddable":true,"href":"https:\/\/noticiasregionais.com.br\/index.php?rest_route=%2Fwp%2Fv2%2Fcomments&post=1589"}],"version-history":[{"count":1,"href":"https:\/\/noticiasregionais.com.br\/index.php?rest_route=\/wp\/v2\/posts\/1589\/revisions"}],"predecessor-version":[{"id":1591,"href":"https:\/\/noticiasregionais.com.br\/index.php?rest_route=\/wp\/v2\/posts\/1589\/revisions\/1591"}],"wp:featuredmedia":[{"embeddable":true,"href":"https:\/\/noticiasregionais.com.br\/index.php?rest_route=\/wp\/v2\/media\/1590"}],"wp:attachment":[{"href":"https:\/\/noticiasregionais.com.br\/index.php?rest_route=%2Fwp%2Fv2%2Fmedia&parent=1589"}],"wp:term":[{"taxonomy":"category","embeddable":true,"href":"https:\/\/noticiasregionais.com.br\/index.php?rest_route=%2Fwp%2Fv2%2Fcategories&post=1589"},{"taxonomy":"post_tag","embeddable":true,"href":"https:\/\/noticiasregionais.com.br\/index.php?rest_route=%2Fwp%2Fv2%2Ftags&post=1589"}],"curies":[{"name":"wp","href":"https:\/\/api.w.org\/{rel}","templated":true}]}}