{"id":1592,"date":"2023-12-26T13:14:40","date_gmt":"2023-12-26T16:14:40","guid":{"rendered":"https:\/\/noticiasregionais.com.br\/?p=1592"},"modified":"2023-12-26T13:14:51","modified_gmt":"2023-12-26T16:14:51","slug":"policiamento-rodoviario-divulga-balanco-da-operacao-natal-2023-nas-rodovias-da-regiao","status":"publish","type":"post","link":"https:\/\/noticiasregionais.com.br\/?p=1592","title":{"rendered":"Policiamento Rodovi\u00e1rio divulga balan\u00e7o da Opera\u00e7\u00e3o Natal 2023 nas rodovias da regi\u00e3o"},"content":{"rendered":"\n<p>A 3\u00aa Companhia do 2\u00ba Batalh\u00e3o de Pol\u00edcia Rodovi\u00e1ria da Pol\u00edcia Militar do Estado de S\u00e3o Paulo, sediada<br>em Assis, presente nos mais de 1.700 quil\u00f4metros de rodovias estaduais, abrange 64 munic\u00edpios das<br>regi\u00f5es de Assis, Mar\u00edlia e Ourinhos, realizou no per\u00edodo compreendido entre 00h do dia 22 de dezembro<br>de 2023 (sexta-feira), at\u00e9 \u00e0s 23h59 do dia 25 de dezembro de 2023 (segunda-feira) a Opera\u00e7\u00e3o \u201cNatal<br>2023\u201d, promovendo mais seguran\u00e7a a todos os usu\u00e1rios da malha rodovi\u00e1ria nos munic\u00edpios de<br>circunscri\u00e7\u00e3o.<br>O Policiamento Rodovi\u00e1rio esteve presente com todo efetivo operacional e administrativo, diuturna e<br>estrategicamente, sendo direcionado \u00e0s \u00e1reas de incid\u00eancia criminal e de sinistralidade vi\u00e1ria, de forma<br>a aumentar a percep\u00e7\u00e3o de seguran\u00e7a de todos os usu\u00e1rios que necessitaram fazer deslocamentos entre<br>Munic\u00edpios\/Estados.<br>Conv\u00e9m enfatizar que o refor\u00e7o operacional contou com o apoio do Departamento de Estradas de<br>Rodagem (DER), Concession\u00e1rias de Rodovias, ARTESP e outros parceiros.<br>Com o foco principal na preserva\u00e7\u00e3o da vida, durante esse per\u00edodo, foram elaboradas 398 autua\u00e7\u00f5es<br>por in\u00fameras infra\u00e7\u00f5es de tr\u00e2nsito; sendo 147 por n\u00e3o uso do cinto de seguran\u00e7a (e outros<br>dispositivos de reten\u00e7\u00e3o), 21 por dirigir sob a influ\u00eancia de \u00e1lcool (ou se recusaram a realizar o teste<br>do etil\u00f4metro) e 04 por ultrapassagens em locais proibidos, al\u00e9m de 1.068 imagens por excesso de<br>velocidade, entre outras, demonstrando que a imprud\u00eancia dos motoristas ainda \u00e9 elevada. Vale ainda<br>observar, que durante o per\u00edodo 650 motoristas foram submetidos aos testes de alcoolemia.<br>Foram registrados durante o per\u00edodo 25 sinistros de tr\u00e2nsito, sendo 16 com v\u00edtimas e 09 sem v\u00edtimas. A<br>maioria dos sinistros poderiam ter sido evitados, considerando que as principais causas continuam<br>relacionadas \u00e0 imprud\u00eancia, \u00e0 neglig\u00eancia ou \u00e0 imper\u00edcia dos condutores e\/ou pedestres, bem como o<br>desrespeito as sinaliza\u00e7\u00f5es. Infelizmente tivemos 05 v\u00edtimas fatais durante a opera\u00e7\u00e3o na \u00e1rea da 3\u00aa<br>Companhia, o cen\u00e1rio se torna ainda mais triste e preocupante quando percebemos que muitas dessas<br>colis\u00f5es poderiam ser evitadas se os condutores praticassem a dire\u00e7\u00e3o preventiva e defensiva e, da<br>N\u00f3s, Policiais Militares, sob a prote\u00e7\u00e3o de Deus, estamos compromissados com a Defesa da Vida, da Integridade F\u00edsica e da Dignidade da Pessoa Humana.\u201d<br>mesma forma, se os pedestres tamb\u00e9m se preocupassem com a sua pr\u00f3pria seguran\u00e7a. Isso porque<br>a imprud\u00eancia \u00e9 a principal causa desses acidentes no Brasil.<\/p>\n<input type=\"hidden\" id=\"baseurl\" value=\"https:\/\/noticiasregionais.com.br\"><input type=\"hidden\" id=\"audio_nonce\" value=\"533fbb67b1\">","protected":false},"excerpt":{"rendered":"<p>A 3\u00aa Companhia do 2\u00ba Batalh\u00e3o de Pol\u00edcia Rodovi\u00e1ria da Pol\u00edcia Militar do Estado de S\u00e3o Paulo, sediadaem Assis, presente&hellip;<\/p>\n","protected":false},"author":1,"featured_media":1593,"comment_status":"closed","ping_status":"open","sticky":false,"template":"","format":"standard","meta":{"sfsi_plus_gutenberg_text_before_share":"","sfsi_plus_gutenberg_show_text_before_share":"","sfsi_plus_gutenberg_icon_type":"","sfsi_plus_gutenberg_icon_alignemt":"","sfsi_plus_gutenburg_max_per_row":"","footnotes":""},"categories":[6,12,1],"tags":[],"class_list":["post-1592","post","type-post","status-publish","format-standard","has-post-thumbnail","hentry","category-sao_paulo","category-capa","category-noticias"],"_links":{"self":[{"href":"https:\/\/noticiasregionais.com.br\/index.php?rest_route=\/wp\/v2\/posts\/1592","targetHints":{"allow":["GET"]}}],"collection":[{"href":"https:\/\/noticiasregionais.com.br\/index.php?rest_route=\/wp\/v2\/posts"}],"about":[{"href":"https:\/\/noticiasregionais.com.br\/index.php?rest_route=\/wp\/v2\/types\/post"}],"author":[{"embeddable":true,"href":"https:\/\/noticiasregionais.com.br\/index.php?rest_route=\/wp\/v2\/users\/1"}],"replies":[{"embeddable":true,"href":"https:\/\/noticiasregionais.com.br\/index.php?rest_route=%2Fwp%2Fv2%2Fcomments&post=1592"}],"version-history":[{"count":1,"href":"https:\/\/noticiasregionais.com.br\/index.php?rest_route=\/wp\/v2\/posts\/1592\/revisions"}],"predecessor-version":[{"id":1594,"href":"https:\/\/noticiasregionais.com.br\/index.php?rest_route=\/wp\/v2\/posts\/1592\/revisions\/1594"}],"wp:featuredmedia":[{"embeddable":true,"href":"https:\/\/noticiasregionais.com.br\/index.php?rest_route=\/wp\/v2\/media\/1593"}],"wp:attachment":[{"href":"https:\/\/noticiasregionais.com.br\/index.php?rest_route=%2Fwp%2Fv2%2Fmedia&parent=1592"}],"wp:term":[{"taxonomy":"category","embeddable":true,"href":"https:\/\/noticiasregionais.com.br\/index.php?rest_route=%2Fwp%2Fv2%2Fcategories&post=1592"},{"taxonomy":"post_tag","embeddable":true,"href":"https:\/\/noticiasregionais.com.br\/index.php?rest_route=%2Fwp%2Fv2%2Ftags&post=1592"}],"curies":[{"name":"wp","href":"https:\/\/api.w.org\/{rel}","templated":true}]}}