{"id":1595,"date":"2023-12-26T14:29:45","date_gmt":"2023-12-26T17:29:45","guid":{"rendered":"https:\/\/noticiasregionais.com.br\/?p=1595"},"modified":"2023-12-26T14:29:57","modified_gmt":"2023-12-26T17:29:57","slug":"prf-encerra-operacao-natal-2023-em-sao-paulo","status":"publish","type":"post","link":"https:\/\/noticiasregionais.com.br\/?p=1595","title":{"rendered":"PRF encerra Opera\u00e7\u00e3o Natal 2023 em S\u00e3o Paulo"},"content":{"rendered":"\n<p class=\"has-text-align-center\"><strong>Os n\u00fameros de acidentes e de pessoas mortas e feridas ca\u00edram em rela\u00e7\u00e3o ao per\u00edodo de 2022.<\/strong><\/p>\n\n\n\n<p>A Pol\u00edcia Rodovi\u00e1ria Federal (PRF) em S\u00e3o Paulo encerrou, nessa segunda-feira (25), a Opera\u00e7\u00e3o Natal 2023, que teve in\u00edcio no \u00faltimo dia 22. As a\u00e7\u00f5es tinham como objetivo principal promover a seguran\u00e7a no tr\u00e2nsito, a fim de reduzir o n\u00famero de acidentes, feridos e mortes nas rodovias federais paulistas.<\/p>\n\n\n\n<p>Durante os quatro dias de opera\u00e7\u00e3o a PRF no estado de S\u00e3o Paulo fiscalizou cerca de 4.180 ve\u00edculos, e 1.602 condutores foram autuados. Destes, 72 motoristas foram flagrados dirigindo sob a influ\u00eancia de \u00e1lcool, 193 n\u00e3o utilizavam o cinto de seguran\u00e7a e 41 transportavam crian\u00e7as fora dos dispositivos de reten\u00e7\u00e3o adequado para cada idade.<\/p>\n\n\n\n<p>Em rela\u00e7\u00e3o ao n\u00famero de acidentes houve uma redu\u00e7\u00e3o de 6% em compara\u00e7\u00e3o ao ano de 2022. Neste Natal foram registrados 46 acidentes, dos quais 8 foram considerados graves. Nenhum \u00f3bito foi registrado nas rodovias federais que cortam o estado de S\u00e3o Paulo.<\/p>\n\n\n\n<p>No tr\u00e2nsito, escolha a vida!<\/p>\n<input type=\"hidden\" id=\"baseurl\" value=\"https:\/\/noticiasregionais.com.br\"><input type=\"hidden\" id=\"audio_nonce\" value=\"533fbb67b1\">","protected":false},"excerpt":{"rendered":"<p>Os n\u00fameros de acidentes e de pessoas mortas e feridas ca\u00edram em rela\u00e7\u00e3o ao per\u00edodo de 2022. A Pol\u00edcia Rodovi\u00e1ria&hellip;<\/p>\n","protected":false},"author":1,"featured_media":1596,"comment_status":"closed","ping_status":"open","sticky":false,"template":"","format":"standard","meta":{"sfsi_plus_gutenberg_text_before_share":"","sfsi_plus_gutenberg_show_text_before_share":"","sfsi_plus_gutenberg_icon_type":"","sfsi_plus_gutenberg_icon_alignemt":"","sfsi_plus_gutenburg_max_per_row":"","footnotes":""},"categories":[6,10,1],"tags":[],"class_list":["post-1595","post","type-post","status-publish","format-standard","has-post-thumbnail","hentry","category-sao_paulo","category-destaques","category-noticias"],"_links":{"self":[{"href":"https:\/\/noticiasregionais.com.br\/index.php?rest_route=\/wp\/v2\/posts\/1595","targetHints":{"allow":["GET"]}}],"collection":[{"href":"https:\/\/noticiasregionais.com.br\/index.php?rest_route=\/wp\/v2\/posts"}],"about":[{"href":"https:\/\/noticiasregionais.com.br\/index.php?rest_route=\/wp\/v2\/types\/post"}],"author":[{"embeddable":true,"href":"https:\/\/noticiasregionais.com.br\/index.php?rest_route=\/wp\/v2\/users\/1"}],"replies":[{"embeddable":true,"href":"https:\/\/noticiasregionais.com.br\/index.php?rest_route=%2Fwp%2Fv2%2Fcomments&post=1595"}],"version-history":[{"count":1,"href":"https:\/\/noticiasregionais.com.br\/index.php?rest_route=\/wp\/v2\/posts\/1595\/revisions"}],"predecessor-version":[{"id":1597,"href":"https:\/\/noticiasregionais.com.br\/index.php?rest_route=\/wp\/v2\/posts\/1595\/revisions\/1597"}],"wp:featuredmedia":[{"embeddable":true,"href":"https:\/\/noticiasregionais.com.br\/index.php?rest_route=\/wp\/v2\/media\/1596"}],"wp:attachment":[{"href":"https:\/\/noticiasregionais.com.br\/index.php?rest_route=%2Fwp%2Fv2%2Fmedia&parent=1595"}],"wp:term":[{"taxonomy":"category","embeddable":true,"href":"https:\/\/noticiasregionais.com.br\/index.php?rest_route=%2Fwp%2Fv2%2Fcategories&post=1595"},{"taxonomy":"post_tag","embeddable":true,"href":"https:\/\/noticiasregionais.com.br\/index.php?rest_route=%2Fwp%2Fv2%2Ftags&post=1595"}],"curies":[{"name":"wp","href":"https:\/\/api.w.org\/{rel}","templated":true}]}}