{"id":1598,"date":"2023-12-26T14:38:21","date_gmt":"2023-12-26T17:38:21","guid":{"rendered":"https:\/\/noticiasregionais.com.br\/?p=1598"},"modified":"2023-12-26T14:45:14","modified_gmt":"2023-12-26T17:45:14","slug":"feriados-saiba-quantos-dias-oficiais-de-folga-teremos-em-2024","status":"publish","type":"post","link":"https:\/\/noticiasregionais.com.br\/?p=1598","title":{"rendered":"Feriados: saiba quantos dias oficiais de folga teremos em 2024"},"content":{"rendered":"\n<p class=\"has-text-align-center\"><strong>Dia da Consci\u00eancia Negra se torna feriado nacional<\/strong><\/p>\n\n\n\n<p>O ano de 2024 no Brasil conta com um dia de folga a mais no calend\u00e1rio. O Dia Nacional de Zumbi e da Consci\u00eancia Negra, em 20 de novembro,&nbsp;tornou-se feriado nacional na \u00faltima quinta-feira (20), ap\u00f3s a Lei 14.759 ser sancionada pelo presidente Lula.&nbsp;<\/p>\n\n\n\n<p>A data j\u00e1 era feriado estadual e municipal em diferentes lugares do pa\u00eds \u2014&nbsp; como em Bras\u00edlia \u2014&nbsp;&nbsp;&nbsp;e faz refer\u00eancia ao dia da morte de Zumbi, o l\u00edder do Quilombo dos Palmares, reconhecendo&nbsp;a import\u00e2ncia da luta contra o racismo, nos dias atuais, inclusive.<\/p>\n\n\n\n<p>O calend\u00e1rio de 2024 contar\u00e1 tr\u00eas feriad\u00f5es&nbsp; \u2014&nbsp;&nbsp;os feriados prolongados. Come\u00e7a&nbsp;pelo Dia da Confraterniza\u00e7\u00e3o Universal (1\u00ba&nbsp;de janeiro), que cair\u00e1 em uma segunda-feira. O segundo \u00e9 o da Sexta-Feira Santa, em 29 de mar\u00e7o, quando se comemora a P\u00e1scoa, no domingo seguinte.&nbsp;<\/p>\n\n\n\n<p>E o \u00faltimo s\u00f3 em novembro, na data da Proclama\u00e7\u00e3o da Rep\u00fablica, dia 15, que cair\u00e1 em uma sexta-feira.&nbsp;<\/p>\n\n\n\n<p>Para muitos o per\u00edodo do Carnaval tamb\u00e9m \u00e9 de folga, mas a data \u00e9 considerada ponto facultativo. Neste ano a comemora\u00e7\u00e3o ser\u00e1 no meio do m\u00eas de fevereiro e varia de acordo com cada cidade, mas os dias 12 e 13, segunda e ter\u00e7a-feira, s\u00e3o pontos facultativos.&nbsp;<\/p>\n\n\n\n<p>Confira a lista:<\/p>\n\n\n\n<h2 class=\"wp-block-heading\">Feriados nacionais:<\/h2>\n\n\n\n<p>1\u00b0 de janeiro: Confraterniza\u00e7\u00e3o Universal (segunda-feira);<br>29 de mar\u00e7o: Sexta-Feira Santa\/Paix\u00e3o de Cristo (sexta-feira);<br>21 de abril: Tiradentes (domingo);<br>1\u00ba de maio: Dia Mundial do Trabalho (quarta-feira);<br>7 de setembro: Independ\u00eancia do Brasil (s\u00e1bado);<br>12 de outubro: Nossa Senhora Aparecida (s\u00e1bado);<br>2 de novembro: Finados (s\u00e1bado);<br>15 de novembro: Proclama\u00e7\u00e3o da Rep\u00fablica (sexta-feira);<br>20 de Novembro: Consci\u00eancia Negra (quarta-feira)<br>25 de dezembro: Natal (quarta-feira).<\/p>\n\n\n\n<h2 class=\"wp-block-heading\">Pontos facultativos:<\/h2>\n\n\n\n<p>12 de fevereiro: Carnaval (segunda-feira);<br>13 de fevereiro: Carnaval (ter\u00e7a-feira);<br>14 de fevereiro: Quarta-Feira de Cinzas (quarta-feira);<br>30 de maio: Corpus Christi (quinta-feira);<br>28 de outubro: Dia do Servidor P\u00fablico (segunda-feira).<\/p>\n\n\n\n<p><br>Al\u00e9m dos feriados\u00a0nacionais, as cidades tamb\u00e9m contam com feriados espec\u00edficos. <\/p>\n\n\n\n<p>S\u00e3o Paulo<br>25 de janeiro (quinta-feira) &#8211; anivers\u00e1rio da cidade<br>9 de julho (ter\u00e7a-feira) &#8211; Dia da Revolu\u00e7\u00e3o Constitucionalista\u00a0<\/p>\n\n\n\n<p>Fonte: <a href=\"https:\/\/brasil61.com\/n\/feriados-saiba-quantos-dias-oficiais-de-folga-teremos-em-2024-bras2310493\" target=\"_blank\" rel=\"noreferrer noopener\">Brasil 61<\/a><\/p>\n<input type=\"hidden\" id=\"baseurl\" value=\"https:\/\/noticiasregionais.com.br\"><input type=\"hidden\" id=\"audio_nonce\" value=\"533fbb67b1\">","protected":false},"excerpt":{"rendered":"<p>Dia da Consci\u00eancia Negra se torna feriado nacional O ano de 2024 no Brasil conta com um dia de folga&hellip;<\/p>\n","protected":false},"author":1,"featured_media":1602,"comment_status":"closed","ping_status":"open","sticky":false,"template":"","format":"standard","meta":{"sfsi_plus_gutenberg_text_before_share":"","sfsi_plus_gutenberg_show_text_before_share":"","sfsi_plus_gutenberg_icon_type":"","sfsi_plus_gutenberg_icon_alignemt":"","sfsi_plus_gutenburg_max_per_row":"","footnotes":""},"categories":[8,10,1],"tags":[],"class_list":["post-1598","post","type-post","status-publish","format-standard","has-post-thumbnail","hentry","category-brasil","category-destaques","category-noticias"],"_links":{"self":[{"href":"https:\/\/noticiasregionais.com.br\/index.php?rest_route=\/wp\/v2\/posts\/1598","targetHints":{"allow":["GET"]}}],"collection":[{"href":"https:\/\/noticiasregionais.com.br\/index.php?rest_route=\/wp\/v2\/posts"}],"about":[{"href":"https:\/\/noticiasregionais.com.br\/index.php?rest_route=\/wp\/v2\/types\/post"}],"author":[{"embeddable":true,"href":"https:\/\/noticiasregionais.com.br\/index.php?rest_route=\/wp\/v2\/users\/1"}],"replies":[{"embeddable":true,"href":"https:\/\/noticiasregionais.com.br\/index.php?rest_route=%2Fwp%2Fv2%2Fcomments&post=1598"}],"version-history":[{"count":1,"href":"https:\/\/noticiasregionais.com.br\/index.php?rest_route=\/wp\/v2\/posts\/1598\/revisions"}],"predecessor-version":[{"id":1600,"href":"https:\/\/noticiasregionais.com.br\/index.php?rest_route=\/wp\/v2\/posts\/1598\/revisions\/1600"}],"wp:featuredmedia":[{"embeddable":true,"href":"https:\/\/noticiasregionais.com.br\/index.php?rest_route=\/wp\/v2\/media\/1602"}],"wp:attachment":[{"href":"https:\/\/noticiasregionais.com.br\/index.php?rest_route=%2Fwp%2Fv2%2Fmedia&parent=1598"}],"wp:term":[{"taxonomy":"category","embeddable":true,"href":"https:\/\/noticiasregionais.com.br\/index.php?rest_route=%2Fwp%2Fv2%2Fcategories&post=1598"},{"taxonomy":"post_tag","embeddable":true,"href":"https:\/\/noticiasregionais.com.br\/index.php?rest_route=%2Fwp%2Fv2%2Ftags&post=1598"}],"curies":[{"name":"wp","href":"https:\/\/api.w.org\/{rel}","templated":true}]}}