{"id":1603,"date":"2023-12-26T15:15:28","date_gmt":"2023-12-26T18:15:28","guid":{"rendered":"https:\/\/noticiasregionais.com.br\/?p=1603"},"modified":"2023-12-26T15:15:40","modified_gmt":"2023-12-26T18:15:40","slug":"ourinhenses-em-situacao-de-vulnerabilidade-podem-requerer-cartao-social-no-cras","status":"publish","type":"post","link":"https:\/\/noticiasregionais.com.br\/?p=1603","title":{"rendered":"Ourinhenses em situa\u00e7\u00e3o de vulnerabilidade podem requerer Cart\u00e3o Social no CRAS"},"content":{"rendered":"\n<p>A Prefeitura de Ourinhos lan\u00e7ou recentemente o Cart\u00e3o Social por meio da Secretaria de Assist\u00eancia Social, um benef\u00edcio destinado a situa\u00e7\u00f5es eventuais, tempor\u00e1rias ou emergenciais. Para ser eleg\u00edvel ao Cart\u00e3o Social, \u00e9 necess\u00e1rio que os benefici\u00e1rios estejam cadastrados no Cadastro \u00danico, sendo a concess\u00e3o realizada pela Assist\u00eancia Social do munic\u00edpio.<\/p>\n\n\n\n<p>O objetivo do cart\u00e3o \u00e9 substituir a cesta b\u00e1sica anteriormente fornecida \u00e0s fam\u00edlias referenciadas pela Assist\u00eancia Social, proporcionando autonomia na escolha de produtos essenciais, como materiais de limpeza e g\u00e1s de cozinha. Al\u00e9m disso, o programa inclui aux\u00edlios espec\u00edficos para casos de calamidade e natalidade.<\/p>\n\n\n\n<p>O valor do benef\u00edcio ser\u00e1 depositado na mesma conta utilizada para receber outros benef\u00edcios, simplificando o processo para os contemplados. \u00c9 importante destacar que o Cart\u00e3o Social n\u00e3o representa um novo benef\u00edcio, mas sim uma adapta\u00e7\u00e3o de um benef\u00edcio j\u00e1 concedido pela Assist\u00eancia Social, sendo a concess\u00e3o realizada mediante a constata\u00e7\u00e3o de vulnerabilidade social.<\/p>\n\n\n\n<p>A avalia\u00e7\u00e3o da vulnerabilidade social \u00e9 conduzida por meio de atendimento t\u00e9cnico realizado pelos Centros de Refer\u00eancia de Assist\u00eancia Social (CRAS) e pela assist\u00eancia social. Todos os benefici\u00e1rios do Cart\u00e3o Social passar\u00e3o por avalia\u00e7\u00f5es peri\u00f3dicas quanto \u00e0 sua situa\u00e7\u00e3o de vulnerabilidade social, assegurando a continuidade do benef\u00edcio para quem realmente necessita.<\/p>\n\n\n\n<p>O Cart\u00e3o Social representa um esfor\u00e7o da Prefeitura de Ourinhos em oferecer suporte direcionado \u00e0s necessidades espec\u00edficas da popula\u00e7\u00e3o em situa\u00e7\u00e3o de vulnerabilidade, promovendo dignidade e autonomia na escolha de produtos essenciais.<\/p>\n<input type=\"hidden\" id=\"baseurl\" value=\"https:\/\/noticiasregionais.com.br\"><input type=\"hidden\" id=\"audio_nonce\" value=\"533fbb67b1\">","protected":false},"excerpt":{"rendered":"<p>A Prefeitura de Ourinhos lan\u00e7ou recentemente o Cart\u00e3o Social por meio da Secretaria de Assist\u00eancia Social, um benef\u00edcio destinado a&hellip;<\/p>\n","protected":false},"author":1,"featured_media":1330,"comment_status":"closed","ping_status":"open","sticky":false,"template":"","format":"standard","meta":{"sfsi_plus_gutenberg_text_before_share":"","sfsi_plus_gutenberg_show_text_before_share":"","sfsi_plus_gutenberg_icon_type":"","sfsi_plus_gutenberg_icon_alignemt":"","sfsi_plus_gutenburg_max_per_row":"","footnotes":""},"categories":[5,10,1],"tags":[],"class_list":["post-1603","post","type-post","status-publish","format-standard","has-post-thumbnail","hentry","category-ourinhos","category-destaques","category-noticias"],"_links":{"self":[{"href":"https:\/\/noticiasregionais.com.br\/index.php?rest_route=\/wp\/v2\/posts\/1603","targetHints":{"allow":["GET"]}}],"collection":[{"href":"https:\/\/noticiasregionais.com.br\/index.php?rest_route=\/wp\/v2\/posts"}],"about":[{"href":"https:\/\/noticiasregionais.com.br\/index.php?rest_route=\/wp\/v2\/types\/post"}],"author":[{"embeddable":true,"href":"https:\/\/noticiasregionais.com.br\/index.php?rest_route=\/wp\/v2\/users\/1"}],"replies":[{"embeddable":true,"href":"https:\/\/noticiasregionais.com.br\/index.php?rest_route=%2Fwp%2Fv2%2Fcomments&post=1603"}],"version-history":[{"count":1,"href":"https:\/\/noticiasregionais.com.br\/index.php?rest_route=\/wp\/v2\/posts\/1603\/revisions"}],"predecessor-version":[{"id":1604,"href":"https:\/\/noticiasregionais.com.br\/index.php?rest_route=\/wp\/v2\/posts\/1603\/revisions\/1604"}],"wp:featuredmedia":[{"embeddable":true,"href":"https:\/\/noticiasregionais.com.br\/index.php?rest_route=\/wp\/v2\/media\/1330"}],"wp:attachment":[{"href":"https:\/\/noticiasregionais.com.br\/index.php?rest_route=%2Fwp%2Fv2%2Fmedia&parent=1603"}],"wp:term":[{"taxonomy":"category","embeddable":true,"href":"https:\/\/noticiasregionais.com.br\/index.php?rest_route=%2Fwp%2Fv2%2Fcategories&post=1603"},{"taxonomy":"post_tag","embeddable":true,"href":"https:\/\/noticiasregionais.com.br\/index.php?rest_route=%2Fwp%2Fv2%2Ftags&post=1603"}],"curies":[{"name":"wp","href":"https:\/\/api.w.org\/{rel}","templated":true}]}}