{"id":1605,"date":"2023-12-26T18:34:16","date_gmt":"2023-12-26T21:34:16","guid":{"rendered":"https:\/\/noticiasregionais.com.br\/?p=1605"},"modified":"2023-12-26T18:34:19","modified_gmt":"2023-12-26T21:34:19","slug":"motorista-morre-em-acidente-na-vicinal-que-liga-assis-a-paraguacu-paulista","status":"publish","type":"post","link":"https:\/\/noticiasregionais.com.br\/?p=1605","title":{"rendered":"Motorista morre em acidente na vicinal que liga Assis a Paragua\u00e7u Paulista"},"content":{"rendered":"\n<p class=\"has-text-align-center\"><strong>Caminh\u00e3o, que carregava manteiga, tombou e a via ficou interditada durante a madrugada. Colis\u00e3o foi na Rodovia Man\u00edlio Gobbi.<\/strong><\/p>\n\n\n\n<p>Um homem de 35 anos morreu depois de um acidente na Rodovia Man\u00edlio Gobbi, vicinal que liga&nbsp;<a class=\"\" href=\"https:\/\/g1.globo.com\/sp\/bauru-marilia\/cidade\/assis-sp\/\" target=\"_blank\" rel=\"noopener\">Assis<\/a>&nbsp;a&nbsp;<a class=\"\" href=\"https:\/\/g1.globo.com\/sp\/bauru-marilia\/cidade\/paraguacu-paulista\/\" target=\"_blank\" rel=\"noopener\">Paragua\u00e7u Paulista (SP)<\/a>, na madrugada desta ter\u00e7a-feira (26).<\/p>\n\n\n\n<p>Segundo informa\u00e7\u00f5es da Pol\u00edcia Rodovi\u00e1ria, carro e caminh\u00e3o bateram de frente. O trecho \u00e9 de pista simples e o motorista do caminh\u00e3o, que n\u00e3o se feriu, disse aos policiais que o carro invadiu a pista contr\u00e1ria e bateu de frente com ele.<\/p>\n\n\n\n<p>O motorista do carro foi socorrido em estado grave e levado ao Hospital Regional de&nbsp;<a class=\"\" href=\"https:\/\/g1.globo.com\/sp\/bauru-marilia\/cidade\/assis-sp\/\" target=\"_blank\" rel=\"noopener\">Assis<\/a>, mas n\u00e3o resistiu aos ferimentos. O caminh\u00e3o, que carregava manteiga, tombou e a via ficou interditada durante a madrugada.<\/p>\n\n\n\n<p>Equipes da concession\u00e1ria jogaram p\u00f3 de serra para evitar outros acidentes com a estrada escorregadia. Durante a manh\u00e3, uma das vias foi liberada e o tr\u00e1fego estava fluindo mais lento, no sistema Pare e Siga, at\u00e9 a \u00faltima atualiza\u00e7\u00e3o desta reportagem.<\/p>\n\n\n\n<p class=\"has-text-align-left\"><strong><sub>fonte: G! Bauru e Mar\u00edlia<\/sub><\/strong><\/p>\n<input type=\"hidden\" id=\"baseurl\" value=\"https:\/\/noticiasregionais.com.br\"><input type=\"hidden\" id=\"audio_nonce\" value=\"533fbb67b1\">","protected":false},"excerpt":{"rendered":"<p>Caminh\u00e3o, que carregava manteiga, tombou e a via ficou interditada durante a madrugada. Colis\u00e3o foi na Rodovia Man\u00edlio Gobbi. Um&hellip;<\/p>\n","protected":false},"author":1,"featured_media":1606,"comment_status":"closed","ping_status":"open","sticky":false,"template":"","format":"standard","meta":{"sfsi_plus_gutenberg_text_before_share":"","sfsi_plus_gutenberg_show_text_before_share":"","sfsi_plus_gutenberg_icon_type":"","sfsi_plus_gutenberg_icon_alignemt":"","sfsi_plus_gutenburg_max_per_row":"","footnotes":""},"categories":[6,12,1],"tags":[],"class_list":["post-1605","post","type-post","status-publish","format-standard","has-post-thumbnail","hentry","category-sao_paulo","category-capa","category-noticias"],"_links":{"self":[{"href":"https:\/\/noticiasregionais.com.br\/index.php?rest_route=\/wp\/v2\/posts\/1605","targetHints":{"allow":["GET"]}}],"collection":[{"href":"https:\/\/noticiasregionais.com.br\/index.php?rest_route=\/wp\/v2\/posts"}],"about":[{"href":"https:\/\/noticiasregionais.com.br\/index.php?rest_route=\/wp\/v2\/types\/post"}],"author":[{"embeddable":true,"href":"https:\/\/noticiasregionais.com.br\/index.php?rest_route=\/wp\/v2\/users\/1"}],"replies":[{"embeddable":true,"href":"https:\/\/noticiasregionais.com.br\/index.php?rest_route=%2Fwp%2Fv2%2Fcomments&post=1605"}],"version-history":[{"count":1,"href":"https:\/\/noticiasregionais.com.br\/index.php?rest_route=\/wp\/v2\/posts\/1605\/revisions"}],"predecessor-version":[{"id":1607,"href":"https:\/\/noticiasregionais.com.br\/index.php?rest_route=\/wp\/v2\/posts\/1605\/revisions\/1607"}],"wp:featuredmedia":[{"embeddable":true,"href":"https:\/\/noticiasregionais.com.br\/index.php?rest_route=\/wp\/v2\/media\/1606"}],"wp:attachment":[{"href":"https:\/\/noticiasregionais.com.br\/index.php?rest_route=%2Fwp%2Fv2%2Fmedia&parent=1605"}],"wp:term":[{"taxonomy":"category","embeddable":true,"href":"https:\/\/noticiasregionais.com.br\/index.php?rest_route=%2Fwp%2Fv2%2Fcategories&post=1605"},{"taxonomy":"post_tag","embeddable":true,"href":"https:\/\/noticiasregionais.com.br\/index.php?rest_route=%2Fwp%2Fv2%2Ftags&post=1605"}],"curies":[{"name":"wp","href":"https:\/\/api.w.org\/{rel}","templated":true}]}}