{"id":161,"date":"2023-09-02T00:01:22","date_gmt":"2023-09-02T03:01:22","guid":{"rendered":"https:\/\/noticiasregionais.com.br\/?p=161"},"modified":"2023-09-02T00:01:22","modified_gmt":"2023-09-02T03:01:22","slug":"prefeitura-de-ourinhos-inicia-construcao-da-casa-da-mulher","status":"publish","type":"post","link":"https:\/\/noticiasregionais.com.br\/?p=161","title":{"rendered":"Prefeitura de Ourinhos inicia constru\u00e7\u00e3o da Casa da Mulher"},"content":{"rendered":"\n<p>A Prefeitura de Ourinhos iniciou na segunda-feira (28) as obras de constru\u00e7\u00e3o e implanta\u00e7\u00e3o da Casa da Mulher. Um projeto do Governo do Estado de S\u00e3o Paulo voltado para o desenvolvimento de pol\u00edticas p\u00fablicas destinadas a mulheres.<\/p>\n\n\n\n<p>A futura Casa da Mulher estar\u00e1 localizada na Avenida Get\u00falio Vargas, no Jardim S\u00e3o Silvestre. O pr\u00e9dio ter\u00e1 salas de atendimento di\u00e1rio psicossocial, jur\u00eddico e para assist\u00eancia social. Haver\u00e1 ainda um espa\u00e7o culin\u00e1rio e brinquedoteca.<\/p>\n\n\n\n<p>O projeto n\u00e3o ser\u00e1 um abrigo noturno para mulheres e ter\u00e1 como objetivo principal garantir atendimento ao p\u00fablico feminino v\u00edtima de discrimina\u00e7\u00e3o e viol\u00eancia, al\u00e9m de promover encorajamento e capacita\u00e7\u00e3o para gera\u00e7\u00e3o de emprego e renda, principalmente para a melhor idade.<\/p>\n\n\n\n<p><\/p>\n\n\n\n<p>fonte: Secretaria de Comunica\u00e7\u00e3o da Prefeitura Municipal de Ourinhos<\/p>\n<input type=\"hidden\" id=\"baseurl\" value=\"https:\/\/noticiasregionais.com.br\"><input type=\"hidden\" id=\"audio_nonce\" value=\"533fbb67b1\">","protected":false},"excerpt":{"rendered":"<p>A Prefeitura de Ourinhos iniciou na segunda-feira (28) as obras de constru\u00e7\u00e3o e implanta\u00e7\u00e3o da Casa da Mulher. Um projeto&hellip;<\/p>\n","protected":false},"author":1,"featured_media":162,"comment_status":"closed","ping_status":"open","sticky":false,"template":"","format":"standard","meta":{"sfsi_plus_gutenberg_text_before_share":"","sfsi_plus_gutenberg_show_text_before_share":"","sfsi_plus_gutenberg_icon_type":"","sfsi_plus_gutenberg_icon_alignemt":"","sfsi_plus_gutenburg_max_per_row":"","footnotes":""},"categories":[10,1,5],"tags":[],"class_list":["post-161","post","type-post","status-publish","format-standard","has-post-thumbnail","hentry","category-destaques","category-noticias","category-ourinhos"],"_links":{"self":[{"href":"https:\/\/noticiasregionais.com.br\/index.php?rest_route=\/wp\/v2\/posts\/161","targetHints":{"allow":["GET"]}}],"collection":[{"href":"https:\/\/noticiasregionais.com.br\/index.php?rest_route=\/wp\/v2\/posts"}],"about":[{"href":"https:\/\/noticiasregionais.com.br\/index.php?rest_route=\/wp\/v2\/types\/post"}],"author":[{"embeddable":true,"href":"https:\/\/noticiasregionais.com.br\/index.php?rest_route=\/wp\/v2\/users\/1"}],"replies":[{"embeddable":true,"href":"https:\/\/noticiasregionais.com.br\/index.php?rest_route=%2Fwp%2Fv2%2Fcomments&post=161"}],"version-history":[{"count":1,"href":"https:\/\/noticiasregionais.com.br\/index.php?rest_route=\/wp\/v2\/posts\/161\/revisions"}],"predecessor-version":[{"id":163,"href":"https:\/\/noticiasregionais.com.br\/index.php?rest_route=\/wp\/v2\/posts\/161\/revisions\/163"}],"wp:featuredmedia":[{"embeddable":true,"href":"https:\/\/noticiasregionais.com.br\/index.php?rest_route=\/wp\/v2\/media\/162"}],"wp:attachment":[{"href":"https:\/\/noticiasregionais.com.br\/index.php?rest_route=%2Fwp%2Fv2%2Fmedia&parent=161"}],"wp:term":[{"taxonomy":"category","embeddable":true,"href":"https:\/\/noticiasregionais.com.br\/index.php?rest_route=%2Fwp%2Fv2%2Fcategories&post=161"},{"taxonomy":"post_tag","embeddable":true,"href":"https:\/\/noticiasregionais.com.br\/index.php?rest_route=%2Fwp%2Fv2%2Ftags&post=161"}],"curies":[{"name":"wp","href":"https:\/\/api.w.org\/{rel}","templated":true}]}}