{"id":1610,"date":"2023-12-27T09:44:38","date_gmt":"2023-12-27T12:44:38","guid":{"rendered":"https:\/\/noticiasregionais.com.br\/?p=1610"},"modified":"2023-12-27T09:44:50","modified_gmt":"2023-12-27T12:44:50","slug":"apreensao-de-drogas-cresce-12-e-chega-a-250-toneladas-de-janeiro-a-novembro-no-estado","status":"publish","type":"post","link":"https:\/\/noticiasregionais.com.br\/?p=1610","title":{"rendered":"Apreens\u00e3o de drogas cresce 12% e chega a 250 toneladas de janeiro a novembro no Estado"},"content":{"rendered":"\n<p class=\"has-text-align-center\"><strong>N\u00famero \u00e9 o terceiro maior da hist\u00f3ria para o per\u00edodo de 11 meses<\/strong><\/p>\n\n\n\n<p>As for\u00e7as de seguran\u00e7a do Estado de S\u00e3o Paulo apreenderam 250,4 toneladas de entorpecentes de janeiro a novembro. O n\u00famero representa uma alta de 12% em rela\u00e7\u00e3o ao mesmo per\u00edodo de 2022, quando foram apreendidas 223 toneladas.<\/p>\n\n\n\n<p>Apenas no m\u00eas de novembro, 9,8 toneladas de drogas foram apreendidas no Estado.<\/p>\n\n\n\n<p>A quantidade registrada nos 11 meses do ano \u00e9 a terceira maior da hist\u00f3ria, atr\u00e1s apenas das apreens\u00f5es de 2020 e 2021.&nbsp;<\/p>\n\n\n\n<p>O n\u00famero \u00e9 resultado do empenho das pol\u00edcias, que desenvolvem a\u00e7\u00f5es constantes em todo o Estado para localizar entorpecentes e prender traficantes.<\/p>\n\n\n\n<p>Somente nas 3 fases da Opera\u00e7\u00e3o Impacto SULMaSSP \u2013 realizada em conjunto com equipes do Paran\u00e1, Mato Grosso do Sul, Santa Catarina e Rio Grande do Sul \u2013 foram apreendidas 21,3 toneladas de entorpecentes.<\/p>\n\n\n\n<p><strong>Outras estat\u00edsticas<\/strong><\/p>\n\n\n\n<p>Outro destaque no acumulado do ano foi o crescimento de 6% no n\u00famero de pessoas presas e apreendidas, que passou de 162.468 para 172.223. No \u00faltimo m\u00eas, a alta foi de 13%, de 13.335 para 15.070.&nbsp;<\/p>\n\n\n\n<p>No m\u00eas de novembro, 5.639 ve\u00edculos foram recuperados, 55,2% a mais do que no mesmo m\u00eas do ano passado, quando foram 3.633. De janeiro a novembro foram 43.274 ve\u00edculos recuperados, o que representa alta de 13,4% em rela\u00e7\u00e3o a 2022.<\/p>\n\n\n\n<p>O n\u00famero de armas ilegais recolhidas tamb\u00e9m subiu de janeiro a novembro. Foram 10.487, 12,6% do que em 2022.<\/p>\n\n\n\n<p><strong>Ocorr\u00eancias<\/strong><\/p>\n\n\n\n<p>Em novembro os roubos de ve\u00edculos ca\u00edram 22,2% em rela\u00e7\u00e3o ao mesmo m\u00eas em 2022. Houve queda tamb\u00e9m de 9% no acumulado do ano.&nbsp;<\/p>\n\n\n\n<p>Os furtos de ve\u00edculos, por sua vez, tamb\u00e9m tiveram queda significativa em ambos os comparativos. Em novembro a redu\u00e7\u00e3o foi de 10,4%. No acumulado do ano a queda ficou em 2,2%.<\/p>\n\n\n\n<p>Os \u00edndices de homic\u00eddios dolosos ca\u00edram 4,1% em novembro. J\u00e1 no acumulado do ano, a queda foi ainda maior, de 10,9% na compara\u00e7\u00e3o com o ano passado.<\/p>\n<input type=\"hidden\" id=\"baseurl\" value=\"https:\/\/noticiasregionais.com.br\"><input type=\"hidden\" id=\"audio_nonce\" value=\"533fbb67b1\">","protected":false},"excerpt":{"rendered":"<p>N\u00famero \u00e9 o terceiro maior da hist\u00f3ria para o per\u00edodo de 11 meses As for\u00e7as de seguran\u00e7a do Estado de&hellip;<\/p>\n","protected":false},"author":1,"featured_media":1558,"comment_status":"closed","ping_status":"open","sticky":false,"template":"","format":"standard","meta":{"sfsi_plus_gutenberg_text_before_share":"","sfsi_plus_gutenberg_show_text_before_share":"","sfsi_plus_gutenberg_icon_type":"","sfsi_plus_gutenberg_icon_alignemt":"","sfsi_plus_gutenburg_max_per_row":"","footnotes":""},"categories":[6,12,1],"tags":[],"class_list":["post-1610","post","type-post","status-publish","format-standard","has-post-thumbnail","hentry","category-sao_paulo","category-capa","category-noticias"],"_links":{"self":[{"href":"https:\/\/noticiasregionais.com.br\/index.php?rest_route=\/wp\/v2\/posts\/1610","targetHints":{"allow":["GET"]}}],"collection":[{"href":"https:\/\/noticiasregionais.com.br\/index.php?rest_route=\/wp\/v2\/posts"}],"about":[{"href":"https:\/\/noticiasregionais.com.br\/index.php?rest_route=\/wp\/v2\/types\/post"}],"author":[{"embeddable":true,"href":"https:\/\/noticiasregionais.com.br\/index.php?rest_route=\/wp\/v2\/users\/1"}],"replies":[{"embeddable":true,"href":"https:\/\/noticiasregionais.com.br\/index.php?rest_route=%2Fwp%2Fv2%2Fcomments&post=1610"}],"version-history":[{"count":1,"href":"https:\/\/noticiasregionais.com.br\/index.php?rest_route=\/wp\/v2\/posts\/1610\/revisions"}],"predecessor-version":[{"id":1611,"href":"https:\/\/noticiasregionais.com.br\/index.php?rest_route=\/wp\/v2\/posts\/1610\/revisions\/1611"}],"wp:featuredmedia":[{"embeddable":true,"href":"https:\/\/noticiasregionais.com.br\/index.php?rest_route=\/wp\/v2\/media\/1558"}],"wp:attachment":[{"href":"https:\/\/noticiasregionais.com.br\/index.php?rest_route=%2Fwp%2Fv2%2Fmedia&parent=1610"}],"wp:term":[{"taxonomy":"category","embeddable":true,"href":"https:\/\/noticiasregionais.com.br\/index.php?rest_route=%2Fwp%2Fv2%2Fcategories&post=1610"},{"taxonomy":"post_tag","embeddable":true,"href":"https:\/\/noticiasregionais.com.br\/index.php?rest_route=%2Fwp%2Fv2%2Ftags&post=1610"}],"curies":[{"name":"wp","href":"https:\/\/api.w.org\/{rel}","templated":true}]}}