{"id":1612,"date":"2023-12-28T11:12:00","date_gmt":"2023-12-28T14:12:00","guid":{"rendered":"https:\/\/noticiasregionais.com.br\/?p=1612"},"modified":"2023-12-28T11:12:02","modified_gmt":"2023-12-28T14:12:02","slug":"aadf-precisa-de-doacoes-para-continuar-apoiando-pessoas-com-deficiencia","status":"publish","type":"post","link":"https:\/\/noticiasregionais.com.br\/?p=1612","title":{"rendered":"AADF Precisa de Doa\u00e7\u00f5es Para Continuar Apoiando Pessoas com Defici\u00eancia"},"content":{"rendered":"\n<p>A Associa\u00e7\u00e3o de Apoio ao Deficiente F\u00edsico de Ourinhos (AADF), entidade com mais de 40 anos de hist\u00f3ria e muitos \u00eaxitos, est\u00e1 fazendo um apelo \u00e0 solidariedade da popula\u00e7\u00e3o para continuar apoiando pessoas com defici\u00eancia. A associa\u00e7\u00e3o oferece uma variedade de servi\u00e7os, incluindo:<\/p>\n\n\n\n<ul class=\"wp-block-list\">\n<li>Reabilita\u00e7\u00e3o f\u00edsica e ocupacional<\/li>\n\n\n\n<li>Terapias<\/li>\n\n\n\n<li>Educa\u00e7\u00e3o inclusiva<\/li>\n\n\n\n<li>Capacita\u00e7\u00e3o profissional<\/li>\n<\/ul>\n\n\n\n<p>A AADF conta com a ajuda de volunt\u00e1rios e doa\u00e7\u00f5es para manter seus servi\u00e7os. Qualquer valor \u00e9 bem-vindo e pode fazer a diferen\u00e7a na vida de uma pessoa com defici\u00eancia.<\/p>\n\n\n\n<p><strong>Como doar para a AADF<\/strong><\/p>\n\n\n\n<p>Existem duas maneiras de doar para a AADF:<\/p>\n\n\n\n<ul class=\"wp-block-list\">\n<li><strong>Pix:<\/strong>&nbsp;CNPJ 49130719000136<\/li>\n\n\n\n<li><strong>Telemarketing:<\/strong>&nbsp;(14) 99830-3481<\/li>\n<\/ul>\n\n\n\n<p><strong>A import\u00e2ncia da doa\u00e7\u00e3o<\/strong><\/p>\n\n\n\n<p>As doa\u00e7\u00f5es para a AADF s\u00e3o essenciais para que a associa\u00e7\u00e3o continue oferecendo seus servi\u00e7os, uma vez que todos os repasses municipais para a entidade foram suspensos em uma decis\u00e3o unilateral da Secretaria Muncipal de Sa\u00fade de Ourinhos <strong><a href=\"https:\/\/noticiasregionais.com.br\/?p=1148\">(Releia a mat\u00e9ria)<\/a><\/strong>. A associa\u00e7\u00e3o atende a pessoas com defici\u00eancia de todas as idades e condi\u00e7\u00f5es socioecon\u00f4micas.<\/p>\n\n\n\n<p>Cada doa\u00e7\u00e3o \u00e9 um passo em dire\u00e7\u00e3o a um futuro mais inclusivo e acess\u00edvel. A generosidade de cada pessoa faz a diferen\u00e7a na vida de uma pessoa com defici\u00eancia.<\/p>\n\n\n\n<p><strong>Juntos, construimos um mundo mais igualit\u00e1rio<\/strong><\/p>\n\n\n\n<p>A AADF convida a popula\u00e7\u00e3o a fazer parte desta miss\u00e3o de construir um mundo mais igualit\u00e1rio. Com a ajuda de todos, a associa\u00e7\u00e3o pode continuar apoiando pessoas com defici\u00eancia e garantindo que elas tenham as mesmas oportunidades que todos os outros.<\/p>\n\n\n\n<p><strong>Obrigado por apoiar a AADF!<\/strong><\/p>\n<input type=\"hidden\" id=\"baseurl\" value=\"https:\/\/noticiasregionais.com.br\"><input type=\"hidden\" id=\"audio_nonce\" value=\"533fbb67b1\">","protected":false},"excerpt":{"rendered":"<p>A Associa\u00e7\u00e3o de Apoio ao Deficiente F\u00edsico de Ourinhos (AADF), entidade com mais de 40 anos de hist\u00f3ria e muitos&hellip;<\/p>\n","protected":false},"author":1,"featured_media":1613,"comment_status":"closed","ping_status":"open","sticky":false,"template":"","format":"standard","meta":{"sfsi_plus_gutenberg_text_before_share":"","sfsi_plus_gutenberg_show_text_before_share":"","sfsi_plus_gutenberg_icon_type":"","sfsi_plus_gutenberg_icon_alignemt":"","sfsi_plus_gutenburg_max_per_row":"","footnotes":""},"categories":[5,12,1],"tags":[],"class_list":["post-1612","post","type-post","status-publish","format-standard","has-post-thumbnail","hentry","category-ourinhos","category-capa","category-noticias"],"_links":{"self":[{"href":"https:\/\/noticiasregionais.com.br\/index.php?rest_route=\/wp\/v2\/posts\/1612","targetHints":{"allow":["GET"]}}],"collection":[{"href":"https:\/\/noticiasregionais.com.br\/index.php?rest_route=\/wp\/v2\/posts"}],"about":[{"href":"https:\/\/noticiasregionais.com.br\/index.php?rest_route=\/wp\/v2\/types\/post"}],"author":[{"embeddable":true,"href":"https:\/\/noticiasregionais.com.br\/index.php?rest_route=\/wp\/v2\/users\/1"}],"replies":[{"embeddable":true,"href":"https:\/\/noticiasregionais.com.br\/index.php?rest_route=%2Fwp%2Fv2%2Fcomments&post=1612"}],"version-history":[{"count":1,"href":"https:\/\/noticiasregionais.com.br\/index.php?rest_route=\/wp\/v2\/posts\/1612\/revisions"}],"predecessor-version":[{"id":1614,"href":"https:\/\/noticiasregionais.com.br\/index.php?rest_route=\/wp\/v2\/posts\/1612\/revisions\/1614"}],"wp:featuredmedia":[{"embeddable":true,"href":"https:\/\/noticiasregionais.com.br\/index.php?rest_route=\/wp\/v2\/media\/1613"}],"wp:attachment":[{"href":"https:\/\/noticiasregionais.com.br\/index.php?rest_route=%2Fwp%2Fv2%2Fmedia&parent=1612"}],"wp:term":[{"taxonomy":"category","embeddable":true,"href":"https:\/\/noticiasregionais.com.br\/index.php?rest_route=%2Fwp%2Fv2%2Fcategories&post=1612"},{"taxonomy":"post_tag","embeddable":true,"href":"https:\/\/noticiasregionais.com.br\/index.php?rest_route=%2Fwp%2Fv2%2Ftags&post=1612"}],"curies":[{"name":"wp","href":"https:\/\/api.w.org\/{rel}","templated":true}]}}