{"id":1618,"date":"2023-12-28T11:28:58","date_gmt":"2023-12-28T14:28:58","guid":{"rendered":"https:\/\/noticiasregionais.com.br\/?p=1618"},"modified":"2023-12-28T11:29:35","modified_gmt":"2023-12-28T14:29:35","slug":"policia-rodoviaria-apreende-grande-quantidade-de-eletronicos-irregulares-na-regiao","status":"publish","type":"post","link":"https:\/\/noticiasregionais.com.br\/?p=1618","title":{"rendered":"Pol\u00edcia Rodovi\u00e1ria apreende grande quantidade de eletr\u00f4nicos irregulares na regi\u00e3o"},"content":{"rendered":"\n<p>Na manh\u00e3 desta sexta-feira, as 9 horas, a Pol\u00edcia Militar Rodovi\u00e1ria surpreendeu uma tentativa de contrabando na Rodovia Comandante Jo\u00e3o Ribeiro de Barros, SP-294, km 411+700, sentido leste, pr\u00f3ximo a Gar\u00e7a\/SP. Durante a &#8220;Opera\u00e7\u00e3o Impacto&#8221; realizada pelo 2\u00b0 Batalh\u00e3o de Pol\u00edcia Militar Rodovi\u00e1ria, foi abordado um ve\u00edculo Ford Fiesta proveniente do Paraguai e com destino \u00e0 cidade de S\u00e3o Paulo.<\/p>\n\n\n\n<p>A a\u00e7\u00e3o, conduzida pelo 2\u00b0 Pelot\u00e3o da 3\u00aa Companhia do 2\u00ba Batalh\u00e3o de Pol\u00edcia Militar Rodovi\u00e1ria, revelou uma carga significativa de produtos eletr\u00f4nicos no interior do ve\u00edculo. A surpresa veio quando os policiais constataram que os produtos estavam desprovidos de qualquer documenta\u00e7\u00e3o fiscal.<\/p>\n\n\n\n<p>Segundo informa\u00e7\u00f5es preliminares, a apreens\u00e3o ocorreu por volta das 9 horas da manh\u00e3, quando os agentes realizavam a fiscaliza\u00e7\u00e3o de rotina. Durante a vistoria no ve\u00edculo, os policiais descobriram a presen\u00e7a de uma grande quantidade de eletr\u00f4nicos em desacordo com as leis fiscais vigentes.<\/p>\n\n\n\n<p>A equipe da Pol\u00edcia Militar Rodovi\u00e1ria informou que a ocorr\u00eancia est\u00e1 em andamento e os dados est\u00e3o sujeitos a altera\u00e7\u00f5es. A falta de documenta\u00e7\u00e3o fiscal para os produtos eletr\u00f4nicos encontrados configura-se como um grave crime, e as autoridades locais est\u00e3o tomando as medidas necess\u00e1rias para investigar o caso.<\/p>\n\n\n\n<p>O tr\u00e1fico de produtos eletr\u00f4nicos sem documenta\u00e7\u00e3o fiscal \u00e9 uma pr\u00e1tica ilegal que prejudica n\u00e3o apenas a economia do pa\u00eds, mas tamb\u00e9m coloca em risco a seguran\u00e7a e qualidade dos produtos comercializados. A opera\u00e7\u00e3o realizada pela PRE demonstra o comprometimento das autoridades em coibir esse tipo de atividade ilegal nas estradas do estado.<\/p>\n\n\n\n<p>A identifica\u00e7\u00e3o do destino final dos produtos eletr\u00f4nicos apreendidos e a investiga\u00e7\u00e3o sobre a poss\u00edvel participa\u00e7\u00e3o de outras pessoas no esquema ilegal est\u00e3o entre as pr\u00f3ximas etapas da opera\u00e7\u00e3o.<\/p>\n\n\n\n<p>A Pol\u00edcia Militar Rodovi\u00e1ria alerta a popula\u00e7\u00e3o para a import\u00e2ncia de adquirir produtos apenas de fontes confi\u00e1veis e legalmente estabelecidas, contribuindo assim para a seguran\u00e7a do consumidor e para o fortalecimento da legalidade no com\u00e9rcio de produtos eletr\u00f4nicos. A opera\u00e7\u00e3o est\u00e1 em curso, e novas informa\u00e7\u00f5es ser\u00e3o divulgadas \u00e0 medida que a investiga\u00e7\u00e3o avan\u00e7ar.<\/p>\n<input type=\"hidden\" id=\"baseurl\" value=\"https:\/\/noticiasregionais.com.br\"><input type=\"hidden\" id=\"audio_nonce\" value=\"5c13e0637f\">","protected":false},"excerpt":{"rendered":"<p>Na manh\u00e3 desta sexta-feira, as 9 horas, a Pol\u00edcia Militar Rodovi\u00e1ria surpreendeu uma tentativa de contrabando na Rodovia Comandante Jo\u00e3o&hellip;<\/p>\n","protected":false},"author":1,"featured_media":1619,"comment_status":"closed","ping_status":"open","sticky":false,"template":"","format":"standard","meta":{"sfsi_plus_gutenberg_text_before_share":"","sfsi_plus_gutenberg_show_text_before_share":"","sfsi_plus_gutenberg_icon_type":"","sfsi_plus_gutenberg_icon_alignemt":"","sfsi_plus_gutenburg_max_per_row":"","footnotes":""},"categories":[6,10,1],"tags":[],"class_list":["post-1618","post","type-post","status-publish","format-standard","has-post-thumbnail","hentry","category-sao_paulo","category-destaques","category-noticias"],"_links":{"self":[{"href":"https:\/\/noticiasregionais.com.br\/index.php?rest_route=\/wp\/v2\/posts\/1618","targetHints":{"allow":["GET"]}}],"collection":[{"href":"https:\/\/noticiasregionais.com.br\/index.php?rest_route=\/wp\/v2\/posts"}],"about":[{"href":"https:\/\/noticiasregionais.com.br\/index.php?rest_route=\/wp\/v2\/types\/post"}],"author":[{"embeddable":true,"href":"https:\/\/noticiasregionais.com.br\/index.php?rest_route=\/wp\/v2\/users\/1"}],"replies":[{"embeddable":true,"href":"https:\/\/noticiasregionais.com.br\/index.php?rest_route=%2Fwp%2Fv2%2Fcomments&post=1618"}],"version-history":[{"count":2,"href":"https:\/\/noticiasregionais.com.br\/index.php?rest_route=\/wp\/v2\/posts\/1618\/revisions"}],"predecessor-version":[{"id":1622,"href":"https:\/\/noticiasregionais.com.br\/index.php?rest_route=\/wp\/v2\/posts\/1618\/revisions\/1622"}],"wp:featuredmedia":[{"embeddable":true,"href":"https:\/\/noticiasregionais.com.br\/index.php?rest_route=\/wp\/v2\/media\/1619"}],"wp:attachment":[{"href":"https:\/\/noticiasregionais.com.br\/index.php?rest_route=%2Fwp%2Fv2%2Fmedia&parent=1618"}],"wp:term":[{"taxonomy":"category","embeddable":true,"href":"https:\/\/noticiasregionais.com.br\/index.php?rest_route=%2Fwp%2Fv2%2Fcategories&post=1618"},{"taxonomy":"post_tag","embeddable":true,"href":"https:\/\/noticiasregionais.com.br\/index.php?rest_route=%2Fwp%2Fv2%2Ftags&post=1618"}],"curies":[{"name":"wp","href":"https:\/\/api.w.org\/{rel}","templated":true}]}}