{"id":1623,"date":"2023-12-28T11:47:11","date_gmt":"2023-12-28T14:47:11","guid":{"rendered":"https:\/\/noticiasregionais.com.br\/?p=1623"},"modified":"2023-12-28T13:24:28","modified_gmt":"2023-12-28T16:24:28","slug":"sp-realiza-1-milhao-de-cirurgias-eletivas-no-ano-pela-primeira-vez-na-historia","status":"publish","type":"post","link":"https:\/\/noticiasregionais.com.br\/?p=1623","title":{"rendered":"SP realiza 1 milh\u00e3o de cirurgias eletivas no ano pela primeira vez na hist\u00f3ria"},"content":{"rendered":"\n<p class=\"has-text-align-center\"><strong>\u00c9 o maior n\u00famero da s\u00e9rie hist\u00f3rica, iniciada em 2008; total de recursos foi de R$ 923,5 milh\u00f5es<\/strong><\/p>\n\n\n\n<p>O Governo de S\u00e3o Paulo, por meio da Secretaria de Estado da Sa\u00fade (SES), realizou 1 milh\u00e3o de cirurgias eletivas em 2023, o que representa o maior n\u00famero da s\u00e9rie hist\u00f3rica iniciada em 2008. Entre os procedimentos mais realizados ao longo do ano em todo o Estado, destacam-se os oftalmol\u00f3gicos, a retirada de ves\u00edculas e pr\u00f3statas e as cirurgias no aparelho digestivo.<\/p>\n\n\n\n<p>Lan\u00e7ados para ampliar o n\u00famero de pacientes atendidos e oferecer cada vez mais qualidade de vida \u00e0 popula\u00e7\u00e3o, os mutir\u00f5es de cirurgias eletivas representam 30% do n\u00famero total de cirurgias feitas no Estado.<\/p>\n\n\n\n<p>\u201cNo in\u00edcio do ano t\u00ednhamos uma situa\u00e7\u00e3o dif\u00edcil, com muita gente na fila. Uma desorganiza\u00e7\u00e3o que vinha do per\u00edodo de pandemia. V\u00e1rias cirurgias eletivas foram postergadas e muita gente na fila dos tratamentos oncol\u00f3gicos. Organizamos mutir\u00f5es e houve uma grande aplica\u00e7\u00e3o de recursos e realizamos mais de 1 milh\u00e3o de cirurgias eletivas\u201d, afirmou o governador Tarc\u00edsio de Freitas.<\/p>\n\n\n\n<p>Para acelerar a realiza\u00e7\u00e3o de cirurgias eletivas, a Secretaria da Sa\u00fade destinou R$ 923,5 milh\u00f5es.<\/p>\n\n\n\n<p>\u201cFocamos primeiro em mutir\u00f5es de oncologia para atender os casos mais graves. O governador Tarc\u00edsio de Freitas investiu R$ 405 milh\u00f5es do Tesouro Estadual para que pud\u00e9ssemos aumentar a oferta e foi o que fizemos. Tudo para alcan\u00e7ar a meta de n\u00e3o ter nenhum paciente esperando h\u00e1 mais de 60 dias e, hoje, sob a regula\u00e7\u00e3o do Estado de S\u00e3o Paulo, n\u00e3o temos nenhum paciente esperando acima desse prazo,\u201d disse o secret\u00e1rio da Sa\u00fade, Eleuses Paiva.<\/p>\n\n\n\n<p>Os mutir\u00f5es t\u00eam o objetivo de ampliar a oferta de procedimentos de m\u00e9dia e alta complexidades aos usu\u00e1rios do SUS, bem como permitir que estabelecimentos de sa\u00fade que integram a rede p\u00fablica ampliem, em car\u00e1ter tempor\u00e1rio, a oferta de procedimentos.<\/p>\n\n\n\n<p>O resultado dessa estrat\u00e9gia \u00e9 a redu\u00e7\u00e3o do tempo de espera e do sofrimento de quem aguardava por esses procedimentos, trazendo cada vez mais dignidade ao cidad\u00e3o paulista e regulando o encaminhamento de pacientes que necessitam de tratamento cir\u00fargico.<\/p>\n\n\n\n<p>Tamb\u00e9m neste esfor\u00e7o, a SES inaugurou e reativou em 2023 aproximadamente 1.600 novos leitos, n\u00famero que equivale \u00e0 abertura de sete unidades hospitalares de m\u00e9dio porte. Os locais foram escolhidos para dar resposta \u00e0s demandas regionais, observadas pessoalmente pelo secret\u00e1rio Eleuses Paiva durante o processo de regionaliza\u00e7\u00e3o da sa\u00fade.<\/p>\n<input type=\"hidden\" id=\"baseurl\" value=\"https:\/\/noticiasregionais.com.br\"><input type=\"hidden\" id=\"audio_nonce\" value=\"533fbb67b1\">","protected":false},"excerpt":{"rendered":"<p>\u00c9 o maior n\u00famero da s\u00e9rie hist\u00f3rica, iniciada em 2008; total de recursos foi de R$ 923,5 milh\u00f5es O Governo&hellip;<\/p>\n","protected":false},"author":1,"featured_media":1624,"comment_status":"closed","ping_status":"open","sticky":false,"template":"","format":"standard","meta":{"sfsi_plus_gutenberg_text_before_share":"","sfsi_plus_gutenberg_show_text_before_share":"","sfsi_plus_gutenberg_icon_type":"","sfsi_plus_gutenberg_icon_alignemt":"","sfsi_plus_gutenburg_max_per_row":"","footnotes":""},"categories":[6,1],"tags":[],"class_list":["post-1623","post","type-post","status-publish","format-standard","has-post-thumbnail","hentry","category-sao_paulo","category-noticias"],"_links":{"self":[{"href":"https:\/\/noticiasregionais.com.br\/index.php?rest_route=\/wp\/v2\/posts\/1623","targetHints":{"allow":["GET"]}}],"collection":[{"href":"https:\/\/noticiasregionais.com.br\/index.php?rest_route=\/wp\/v2\/posts"}],"about":[{"href":"https:\/\/noticiasregionais.com.br\/index.php?rest_route=\/wp\/v2\/types\/post"}],"author":[{"embeddable":true,"href":"https:\/\/noticiasregionais.com.br\/index.php?rest_route=\/wp\/v2\/users\/1"}],"replies":[{"embeddable":true,"href":"https:\/\/noticiasregionais.com.br\/index.php?rest_route=%2Fwp%2Fv2%2Fcomments&post=1623"}],"version-history":[{"count":1,"href":"https:\/\/noticiasregionais.com.br\/index.php?rest_route=\/wp\/v2\/posts\/1623\/revisions"}],"predecessor-version":[{"id":1625,"href":"https:\/\/noticiasregionais.com.br\/index.php?rest_route=\/wp\/v2\/posts\/1623\/revisions\/1625"}],"wp:featuredmedia":[{"embeddable":true,"href":"https:\/\/noticiasregionais.com.br\/index.php?rest_route=\/wp\/v2\/media\/1624"}],"wp:attachment":[{"href":"https:\/\/noticiasregionais.com.br\/index.php?rest_route=%2Fwp%2Fv2%2Fmedia&parent=1623"}],"wp:term":[{"taxonomy":"category","embeddable":true,"href":"https:\/\/noticiasregionais.com.br\/index.php?rest_route=%2Fwp%2Fv2%2Fcategories&post=1623"},{"taxonomy":"post_tag","embeddable":true,"href":"https:\/\/noticiasregionais.com.br\/index.php?rest_route=%2Fwp%2Fv2%2Ftags&post=1623"}],"curies":[{"name":"wp","href":"https:\/\/api.w.org\/{rel}","templated":true}]}}