{"id":1626,"date":"2023-12-28T12:37:56","date_gmt":"2023-12-28T15:37:56","guid":{"rendered":"https:\/\/noticiasregionais.com.br\/?p=1626"},"modified":"2023-12-28T12:38:08","modified_gmt":"2023-12-28T15:38:08","slug":"hoje-28-12-tem-baile-dos-amigos-no-esporte-clube-olimpico-em-ourinhos","status":"publish","type":"post","link":"https:\/\/noticiasregionais.com.br\/?p=1626","title":{"rendered":"Hoje, 28\/12 tem Baile dos Amigos no Esporte Clube OL\u00cdMPICO em Ourinhos"},"content":{"rendered":"\n<p>Chegou a hora de encerrar o ano em grande estilo! A SV Eventos em parceria com o Esporte Clube OL\u00cdMPICO, tem o prazer de convidar toda a comunidade de Ourinhos e regi\u00e3o para uma noite de pura celebra\u00e7\u00e3o e anima\u00e7\u00e3o no &#8220;Baile dos Amigos&#8221;. Prepare-se para uma festa memor\u00e1vel que acontecer\u00e1 no dia 28 de dezembro, a partir das 21h.<\/p>\n\n\n\n<p><strong>Atra\u00e7\u00e3o Especial: JB&amp;BANDA<\/strong><\/p>\n\n\n\n<p>Para embalar essa noite especial, contaremos com a presen\u00e7a da renomada JB&amp;BANDA, prometendo um show incr\u00edvel com um repert\u00f3rio com muito forr\u00f3 dan\u00e7ante e os grandes sucessos do sertanejo. Ser\u00e1 uma experi\u00eancia musical \u00fanica que far\u00e1 todos os presentes dan\u00e7arem e se divertirem ao som de grandes sucessos.<\/p>\n\n\n\n<p><strong>Localiza\u00e7\u00e3o: Esporte Clube OL\u00cdMPICO<\/strong><\/p>\n\n\n\n<ul class=\"wp-block-list\">\n<li>Rua Floriano Peixoto, 543, Ourinhos, SP<\/li>\n<\/ul>\n\n\n\n<p><strong>Data e Hor\u00e1rio:<\/strong><\/p>\n\n\n\n<ul class=\"wp-block-list\">\n<li>28 de dezembro, a partir das 21h<\/li>\n\n\n\n<li>Quinta-feira<\/li>\n\n\n\n<li><\/li>\n<\/ul>\n\n\n\n<p>Al\u00e9m da excelente m\u00fasica, o Esporte Clube OL\u00cdMPICO proporcionar\u00e1 uma atmosfera agrad\u00e1vel e descontra\u00edda, ideal para celebrar em grande estilo. Prepare-se para uma noite de dan\u00e7a, risadas e boas lembran\u00e7as.<\/p>\n\n\n\n<p>Fa\u00e7a parte dessa festa que marcar\u00e1 o final do ano de forma especial. Para reservas de mesa e informa\u00e7\u00f5es basta entrar em contato pelo Whatsapp ou fone:\u00a0<a href=\"http:\/\/wa.me\/+5514996914718\" target=\"_blank\" rel=\"noopener\">14 99691-4718<\/a>\u00a0com Silvana da SV Eventos.<\/p>\n\n\n\n<p>N\u00e3o perca a oportunidade de viver uma noite incr\u00edvel no Esporte Clube OL\u00cdMPICO ao som contagiante de JB&amp;BANDA. Prepare-se para dan\u00e7ar, sorrir e celebrar a amizade em uma festa que ficar\u00e1 na mem\u00f3ria. Contamos com a sua presen\u00e7a!<\/p>\n\n\n\n<p><em>Esporte Clube OL\u00cdMPICO e SV Eventos &#8211; Celebrando a vida, a amizade e a m\u00fasica!<\/em><\/p>\n\n\n<div class=\"wp-block-image\">\n<figure class=\"aligncenter size-large\"><img decoding=\"async\" width=\"724\" height=\"1024\" src=\"https:\/\/noticiasregionais.com.br\/wp-content\/uploads\/2023\/12\/WhatsApp-Image-2023-12-26-at-12.35.17-1-724x1024.jpeg\" alt=\"\" class=\"wp-image-1627\" srcset=\"https:\/\/noticiasregionais.com.br\/wp-content\/uploads\/2023\/12\/WhatsApp-Image-2023-12-26-at-12.35.17-1-724x1024.jpeg 724w, https:\/\/noticiasregionais.com.br\/wp-content\/uploads\/2023\/12\/WhatsApp-Image-2023-12-26-at-12.35.17-1-212x300.jpeg 212w, https:\/\/noticiasregionais.com.br\/wp-content\/uploads\/2023\/12\/WhatsApp-Image-2023-12-26-at-12.35.17-1-768x1086.jpeg 768w, https:\/\/noticiasregionais.com.br\/wp-content\/uploads\/2023\/12\/WhatsApp-Image-2023-12-26-at-12.35.17-1-1086x1536.jpeg 1086w, https:\/\/noticiasregionais.com.br\/wp-content\/uploads\/2023\/12\/WhatsApp-Image-2023-12-26-at-12.35.17-1.jpeg 1131w\" sizes=\"(max-width: 724px) 100vw, 724px\" \/><\/figure>\n<\/div><input type=\"hidden\" id=\"baseurl\" value=\"https:\/\/noticiasregionais.com.br\"><input type=\"hidden\" id=\"audio_nonce\" value=\"533fbb67b1\">","protected":false},"excerpt":{"rendered":"<p>Chegou a hora de encerrar o ano em grande estilo! A SV Eventos em parceria com o Esporte Clube OL\u00cdMPICO,&hellip;<\/p>\n","protected":false},"author":1,"featured_media":1570,"comment_status":"closed","ping_status":"open","sticky":false,"template":"","format":"standard","meta":{"sfsi_plus_gutenberg_text_before_share":"","sfsi_plus_gutenberg_show_text_before_share":"","sfsi_plus_gutenberg_icon_type":"","sfsi_plus_gutenberg_icon_alignemt":"","sfsi_plus_gutenburg_max_per_row":"","footnotes":""},"categories":[5,10,1],"tags":[],"class_list":["post-1626","post","type-post","status-publish","format-standard","has-post-thumbnail","hentry","category-ourinhos","category-destaques","category-noticias"],"_links":{"self":[{"href":"https:\/\/noticiasregionais.com.br\/index.php?rest_route=\/wp\/v2\/posts\/1626","targetHints":{"allow":["GET"]}}],"collection":[{"href":"https:\/\/noticiasregionais.com.br\/index.php?rest_route=\/wp\/v2\/posts"}],"about":[{"href":"https:\/\/noticiasregionais.com.br\/index.php?rest_route=\/wp\/v2\/types\/post"}],"author":[{"embeddable":true,"href":"https:\/\/noticiasregionais.com.br\/index.php?rest_route=\/wp\/v2\/users\/1"}],"replies":[{"embeddable":true,"href":"https:\/\/noticiasregionais.com.br\/index.php?rest_route=%2Fwp%2Fv2%2Fcomments&post=1626"}],"version-history":[{"count":1,"href":"https:\/\/noticiasregionais.com.br\/index.php?rest_route=\/wp\/v2\/posts\/1626\/revisions"}],"predecessor-version":[{"id":1628,"href":"https:\/\/noticiasregionais.com.br\/index.php?rest_route=\/wp\/v2\/posts\/1626\/revisions\/1628"}],"wp:featuredmedia":[{"embeddable":true,"href":"https:\/\/noticiasregionais.com.br\/index.php?rest_route=\/wp\/v2\/media\/1570"}],"wp:attachment":[{"href":"https:\/\/noticiasregionais.com.br\/index.php?rest_route=%2Fwp%2Fv2%2Fmedia&parent=1626"}],"wp:term":[{"taxonomy":"category","embeddable":true,"href":"https:\/\/noticiasregionais.com.br\/index.php?rest_route=%2Fwp%2Fv2%2Fcategories&post=1626"},{"taxonomy":"post_tag","embeddable":true,"href":"https:\/\/noticiasregionais.com.br\/index.php?rest_route=%2Fwp%2Fv2%2Ftags&post=1626"}],"curies":[{"name":"wp","href":"https:\/\/api.w.org\/{rel}","templated":true}]}}