{"id":1629,"date":"2023-12-28T11:46:31","date_gmt":"2023-12-28T14:46:31","guid":{"rendered":"https:\/\/noticiasregionais.com.br\/?p=1629"},"modified":"2023-12-28T13:25:08","modified_gmt":"2023-12-28T16:25:08","slug":"mais-impostos-haddad-fala-em-aumentar-a-arrecadacao-sem-falar-em-corte-de-gastos-do-governo","status":"publish","type":"post","link":"https:\/\/noticiasregionais.com.br\/?p=1629","title":{"rendered":"Mais Impostos &#8211; Haddad fala em aumentar a arrecada\u00e7\u00e3o sem falar em corte de gastos do governo"},"content":{"rendered":"\n<p class=\"has-text-align-center\"><strong>Ministro da Fazenda anunciou nesta quinta-feira, 28, medidas para tentar aumentar a arrecada\u00e7\u00e3o e atingir o prometido d\u00e9ficit fiscal zero em 2024<\/strong><\/p>\n\n\n\n<p>Entre elas est\u00e1 a volta de alguns tributos para empresas de eventos contempladas pelo Perse (Programa Emergencial de Retomada do Setor de Eventos); uma limita\u00e7\u00e3o para o que as empresas podem compensar de um ano para o outro; e uma reonera\u00e7\u00e3o gradual e parcial da olha de pagamentos, dependendo do setor.<\/p>\n\n\n\n<p>O an\u00fancio foi feito em Bras\u00edlia. Haddad disse que as medidas \u201cv\u00e3o ajudar para que indicadores macroecon\u00f4micos convirjam para o que a equipe econ\u00f4mica quer\u201d.<\/p>\n\n\n\n<p>O governo quer regulamentar compensa\u00e7\u00f5es judiciais das empresas, estabelecendo a limita\u00e7\u00e3o a um teto de 30% do cr\u00e9dito total das compensa\u00e7\u00f5es tribut\u00e1rias.<\/p>\n\n\n\n<p>Outra medida \u00e9 a mudan\u00e7a do Programa Emergencial de Retomada do Setor de Eventos. O governo quer retomar alguns tributos. Em 2025, outros impostos extintos retornariam.<\/p>\n\n\n\n<p>Haddad tamb\u00e9m afirmou que est\u00e1 sendo encaminhada ao Congresso Nacional uma proposta de reonera\u00e7\u00e3o gradual dos setores que contam com a desonera\u00e7\u00e3o da folha.<\/p>\n\n\n\n<p>Segundo o ministro, n\u00e3o necessariamente haver\u00e1 uma volta da cota patronal de 20%. Ele afirmou que alguns setores podem ter al\u00edquotas menores do que esse valor.<\/p>\n\n\n\n<p>A medida tamb\u00e9m isentaria a cota patronal do primeiro sal\u00e1rio m\u00ednimo que o trabalhador celetista receber.<\/p>\n\n\n\n<p><strong>Desonera\u00e7\u00e3o<\/strong><\/p>\n\n\n\n<p>O Congresso Nacional aprovou neste ano o projeto que prorroga at\u00e9 2027 a redu\u00e7\u00e3o de impostos aos 17 setores que mais empregam no pa\u00eds. Lula havia vetado a proposta para atender a uma demanda de Haddad, em meio aos esfor\u00e7os fiscais do governo para cumprir a prometida meta de zerar o d\u00e9ficit prim\u00e1rio no ano que vem.<\/p>\n\n\n\n<p><strong>Deputados e senadores derrubaram o veto do petista.<\/strong><\/p>\n\n\n\n<p>O projeto da desonera\u00e7\u00e3o permite \u00e0s empresas dos setores beneficiados pagarem al\u00edquotas de 1% a 4,5% sobre a receita bruta, em vez de 20% sobre a folha de sal\u00e1rios. Entre os setores inclu\u00eddos na proposta est\u00e3o as \u00e1reas de transportes, ind\u00fastria t\u00eaxtil e de confec\u00e7\u00f5es, cal\u00e7ados, couro, prote\u00edna animal, ve\u00edculos, inform\u00e1tica, infraestrutura de telecomunica\u00e7\u00f5es, comunica\u00e7\u00e3o, constru\u00e7\u00e3o civil.<\/p>\n\n\n\n<p>Na pr\u00e1tica, os setores desonerados pagam al\u00edquotas de at\u00e9 4,5% sobre a receita bruta, em vez de 20% de contribui\u00e7\u00e3o sobre a folha de sal\u00e1rios para a Previd\u00eancia Social.<\/p>\n\n\n\n<p>O impacto da desonera\u00e7\u00e3o para o governo federal chega a 18 bilh\u00f5es de reais. A medida impacta empresas que contratam diretamente 8,9 milh\u00f5es de pessoas.<\/p>\n\n\n\n<p><strong><sub>fonte: O Antagonista<\/sub><\/strong><\/p>\n<input type=\"hidden\" id=\"baseurl\" value=\"https:\/\/noticiasregionais.com.br\"><input type=\"hidden\" id=\"audio_nonce\" value=\"533fbb67b1\">","protected":false},"excerpt":{"rendered":"<p>Ministro da Fazenda anunciou nesta quinta-feira, 28, medidas para tentar aumentar a arrecada\u00e7\u00e3o e atingir o prometido d\u00e9ficit fiscal zero&hellip;<\/p>\n","protected":false},"author":1,"featured_media":1630,"comment_status":"closed","ping_status":"open","sticky":false,"template":"","format":"standard","meta":{"sfsi_plus_gutenberg_text_before_share":"","sfsi_plus_gutenberg_show_text_before_share":"","sfsi_plus_gutenberg_icon_type":"","sfsi_plus_gutenberg_icon_alignemt":"","sfsi_plus_gutenburg_max_per_row":"","footnotes":""},"categories":[8,10,1],"tags":[],"class_list":["post-1629","post","type-post","status-publish","format-standard","has-post-thumbnail","hentry","category-brasil","category-destaques","category-noticias"],"_links":{"self":[{"href":"https:\/\/noticiasregionais.com.br\/index.php?rest_route=\/wp\/v2\/posts\/1629","targetHints":{"allow":["GET"]}}],"collection":[{"href":"https:\/\/noticiasregionais.com.br\/index.php?rest_route=\/wp\/v2\/posts"}],"about":[{"href":"https:\/\/noticiasregionais.com.br\/index.php?rest_route=\/wp\/v2\/types\/post"}],"author":[{"embeddable":true,"href":"https:\/\/noticiasregionais.com.br\/index.php?rest_route=\/wp\/v2\/users\/1"}],"replies":[{"embeddable":true,"href":"https:\/\/noticiasregionais.com.br\/index.php?rest_route=%2Fwp%2Fv2%2Fcomments&post=1629"}],"version-history":[{"count":1,"href":"https:\/\/noticiasregionais.com.br\/index.php?rest_route=\/wp\/v2\/posts\/1629\/revisions"}],"predecessor-version":[{"id":1631,"href":"https:\/\/noticiasregionais.com.br\/index.php?rest_route=\/wp\/v2\/posts\/1629\/revisions\/1631"}],"wp:featuredmedia":[{"embeddable":true,"href":"https:\/\/noticiasregionais.com.br\/index.php?rest_route=\/wp\/v2\/media\/1630"}],"wp:attachment":[{"href":"https:\/\/noticiasregionais.com.br\/index.php?rest_route=%2Fwp%2Fv2%2Fmedia&parent=1629"}],"wp:term":[{"taxonomy":"category","embeddable":true,"href":"https:\/\/noticiasregionais.com.br\/index.php?rest_route=%2Fwp%2Fv2%2Fcategories&post=1629"},{"taxonomy":"post_tag","embeddable":true,"href":"https:\/\/noticiasregionais.com.br\/index.php?rest_route=%2Fwp%2Fv2%2Ftags&post=1629"}],"curies":[{"name":"wp","href":"https:\/\/api.w.org\/{rel}","templated":true}]}}