{"id":1632,"date":"2023-12-28T18:15:02","date_gmt":"2023-12-28T21:15:02","guid":{"rendered":"https:\/\/noticiasregionais.com.br\/?p=1632"},"modified":"2023-12-28T18:15:14","modified_gmt":"2023-12-28T21:15:14","slug":"prf-inicia-a-operacao-ano-novo-2023-em-sao-paulo","status":"publish","type":"post","link":"https:\/\/noticiasregionais.com.br\/?p=1632","title":{"rendered":"PRF inicia a Opera\u00e7\u00e3o Ano Novo 2023 em S\u00e3o Paulo"},"content":{"rendered":"\n<p class=\"has-text-align-center\"><strong>Opera\u00e7\u00e3o envolve fiscaliza\u00e7\u00e3o intensa durante o feriado, direcionando as a\u00e7\u00f5es para locais e hor\u00e1rios cr\u00edticos de acidentes.<\/strong><\/p>\n\n\n\n<p>A Pol\u00edcia Rodovi\u00e1ria Federal (PRF) inicia \u00e0 00h desta sexta-feira (29) a Opera\u00e7\u00e3o Ano Novo em todo o Brasil. As fiscaliza\u00e7\u00f5es nas rodovias que cortam o estado de S\u00e3o Paulo ser\u00e3o intensificadas at\u00e9 \u00e0s 23h59 da segunda-feira (1). As a\u00e7\u00f5es fazem parte da Opera\u00e7\u00e3o Rodovida 23\/24, que tem o objetivo de proteger vidas, refor\u00e7ando as a\u00e7\u00f5es para garantir viagem segura a quem passa pelas rodovias federais paulistas durante o final de semana que antecede a virada de 2023 para 2024.<\/p>\n\n\n\n<p>As a\u00e7\u00f5es s\u00e3o baseadas em an\u00e1lises estat\u00edsticas de dados dos acidentes. Assim, a PRF pretende direcionar o efetivo operacional para obter mais efici\u00eancia nas a\u00e7\u00f5es, buscando a redu\u00e7\u00e3o da viol\u00eancia no tr\u00e2nsito e proporcionar sensa\u00e7\u00e3o de seguran\u00e7a para a popula\u00e7\u00e3o.<\/p>\n\n\n\n<p>O per\u00edodo de fim de ano apresenta, tradicionalmente, um aumento consider\u00e1vel no fluxo de ve\u00edculos nas rodovias. As rodovias federais de S\u00e3o Paulo recebem viajantes que percorrem o trajeto Norte x Sul do pa\u00eds. Al\u00e9m dos motoristas profissionais, passam por S\u00e3o Paulo fam\u00edlias de outros estados que se deslocam para festejar a virada do ano com a fam\u00edlia e com os amigos.<\/p>\n\n\n\n<p>Em consequ\u00eancia dessas recrea\u00e7\u00f5es, frequentemente associadas ao consumo de bebidas alco\u00f3licas, as fiscaliza\u00e7\u00f5es de tr\u00e2nsito e as medidas para preservar a seguran\u00e7a dos usu\u00e1rios nas rodovias devem, tamb\u00e9m, ser refor\u00e7adas.<\/p>\n\n\n\n<p>Entre as principais a\u00e7\u00f5es para a preven\u00e7\u00e3o de acidentes durante a opera\u00e7\u00e3o, destacam-se o enfrentamento \u00e0 embriaguez ao volante, as fiscaliza\u00e7\u00f5es de ultrapassagens proibidas, do excesso de velocidade, do uso do cinto de seguran\u00e7a por motoristas e passageiros, do emprego adequado dos dispositivos de reten\u00e7\u00e3o para crian\u00e7as, do uso correto do capacete por motociclistas e do uso de telefone celular durante a dire\u00e7\u00e3o veicular.<\/p>\n\n\n\n<p>A Pol\u00edcia Rodovi\u00e1ria Federal chama a aten\u00e7\u00e3o de motoristas e passageiros para as seguintes dicas de tr\u00e2nsito:<\/p>\n\n\n\n<p>Revise previamente o seu ve\u00edculo (n\u00edvel do \u00f3leo, condi\u00e7\u00e3o dos pneus, carga da bateria, funcionamento do sistema de ilumina\u00e7\u00e3o e do limpador de para-brisa, bem como os demais equipamentos obrigat\u00f3rios);<\/p>\n\n\n\n<p>O uso do cinto de seguran\u00e7a \u00e9 obrigat\u00f3rio e salva vidas;<\/p>\n\n\n\n<p>Use o capacete corretamente, caso viaje de motocicleta;<\/p>\n\n\n\n<p>N\u00e3o dirija sob efeito de \u00e1lcool ou de qualquer outra subst\u00e2ncia entorpecente;<\/p>\n\n\n\n<p>N\u00e3o dirija utilizando o celular ou qualquer outro meio de distra\u00e7\u00e3o;<\/p>\n\n\n\n<p>S\u00f3 ultrapasse em local permitido e quando tiver seguran\u00e7a para esta manobra;<\/p>\n\n\n\n<p>Use corretamente o Dispositivo de Reten\u00e7\u00e3o da Crian\u00e7a (DRC), adequado \u00e0 altura, peso e idade da crian\u00e7a;<\/p>\n\n\n\n<p>Reduza a velocidade ao enfrentar chuva ou trechos com baixa visibilidade, como neblina e fuma\u00e7a;<\/p>\n\n\n\n<p>Mantenha dist\u00e2ncia de seguran\u00e7a entre seu ve\u00edculo e o que segue \u00e0 frente.<\/p>\n<input type=\"hidden\" id=\"baseurl\" value=\"https:\/\/noticiasregionais.com.br\"><input type=\"hidden\" id=\"audio_nonce\" value=\"533fbb67b1\">","protected":false},"excerpt":{"rendered":"<p>Opera\u00e7\u00e3o envolve fiscaliza\u00e7\u00e3o intensa durante o feriado, direcionando as a\u00e7\u00f5es para locais e hor\u00e1rios cr\u00edticos de acidentes. A Pol\u00edcia Rodovi\u00e1ria&hellip;<\/p>\n","protected":false},"author":1,"featured_media":1633,"comment_status":"closed","ping_status":"open","sticky":false,"template":"","format":"standard","meta":{"sfsi_plus_gutenberg_text_before_share":"","sfsi_plus_gutenberg_show_text_before_share":"","sfsi_plus_gutenberg_icon_type":"","sfsi_plus_gutenberg_icon_alignemt":"","sfsi_plus_gutenburg_max_per_row":"","footnotes":""},"categories":[6,10,1],"tags":[],"class_list":["post-1632","post","type-post","status-publish","format-standard","has-post-thumbnail","hentry","category-sao_paulo","category-destaques","category-noticias"],"_links":{"self":[{"href":"https:\/\/noticiasregionais.com.br\/index.php?rest_route=\/wp\/v2\/posts\/1632","targetHints":{"allow":["GET"]}}],"collection":[{"href":"https:\/\/noticiasregionais.com.br\/index.php?rest_route=\/wp\/v2\/posts"}],"about":[{"href":"https:\/\/noticiasregionais.com.br\/index.php?rest_route=\/wp\/v2\/types\/post"}],"author":[{"embeddable":true,"href":"https:\/\/noticiasregionais.com.br\/index.php?rest_route=\/wp\/v2\/users\/1"}],"replies":[{"embeddable":true,"href":"https:\/\/noticiasregionais.com.br\/index.php?rest_route=%2Fwp%2Fv2%2Fcomments&post=1632"}],"version-history":[{"count":1,"href":"https:\/\/noticiasregionais.com.br\/index.php?rest_route=\/wp\/v2\/posts\/1632\/revisions"}],"predecessor-version":[{"id":1634,"href":"https:\/\/noticiasregionais.com.br\/index.php?rest_route=\/wp\/v2\/posts\/1632\/revisions\/1634"}],"wp:featuredmedia":[{"embeddable":true,"href":"https:\/\/noticiasregionais.com.br\/index.php?rest_route=\/wp\/v2\/media\/1633"}],"wp:attachment":[{"href":"https:\/\/noticiasregionais.com.br\/index.php?rest_route=%2Fwp%2Fv2%2Fmedia&parent=1632"}],"wp:term":[{"taxonomy":"category","embeddable":true,"href":"https:\/\/noticiasregionais.com.br\/index.php?rest_route=%2Fwp%2Fv2%2Fcategories&post=1632"},{"taxonomy":"post_tag","embeddable":true,"href":"https:\/\/noticiasregionais.com.br\/index.php?rest_route=%2Fwp%2Fv2%2Ftags&post=1632"}],"curies":[{"name":"wp","href":"https:\/\/api.w.org\/{rel}","templated":true}]}}