{"id":1635,"date":"2023-12-28T18:23:55","date_gmt":"2023-12-28T21:23:55","guid":{"rendered":"https:\/\/noticiasregionais.com.br\/?p=1635"},"modified":"2023-12-28T18:24:07","modified_gmt":"2023-12-28T21:24:07","slug":"acao-do-k9-do-13o-baep-em-ocorrencia-de-trafico-de-drogas-em-scrpardo-sp","status":"publish","type":"post","link":"https:\/\/noticiasregionais.com.br\/?p=1635","title":{"rendered":"A\u00e7\u00e3o do K9 do 13\u00ba BAEP em Ocorr\u00eancia de Tr\u00e1fico de Drogas em SCRPardo-SP"},"content":{"rendered":"\n<p>Na manh\u00e3 desta quinta-feira, a Pol\u00edcia Militar, por meio da Equipe K9 do 13\u00ba Batalh\u00e3o de A\u00e7\u00f5es Especiais de Pol\u00edcia (BAEP), desencadeou uma opera\u00e7\u00e3o que resultou na apreens\u00e3o significativa de entorpecentes na Vila Divin\u00e9ia, em Santa Cruz do Rio Pardo-SP.<\/p>\n\n\n\n<p>A a\u00e7\u00e3o teve in\u00edcio por volta das 10h21, na Rua Louren\u00e7o Ant\u00f4nio de Oliveira. As equipes de R\u00e1dio Patrulha (RP) da 2\u00aa Companhia da Pol\u00edcia Militar (PM) do 31\u00b0 Batalh\u00e3o de Pol\u00edcia Militar di Interior (BPM\/I) solicitaram o apoio do K9 do 13\u00ba BAEP ap\u00f3s identificarem uma situa\u00e7\u00e3o de tr\u00e1fico de drogas em andamento.<\/p>\n\n\n\n<p>De acordo com informa\u00e7\u00f5es do Boletim de Ocorr\u00eancia, o suspeito da pr\u00e1tica criminosa \u00e9 W.L.S., de 30 anos, j\u00e1 conhecido nos meios policiais por envolvimento com o tr\u00e1fico de drogas. O indiv\u00edduo encontrava-se atualmente na condi\u00e7\u00e3o de preso, beneficiado por sa\u00edda tempor\u00e1ria.<\/p>\n\n\n\n<p>A a\u00e7\u00e3o teve in\u00edcio quando Willis foi flagrado negociando entorpecentes com o condutor de um ve\u00edculo na regi\u00e3o. Ao avistar a equipe de R\u00e1dio Patrulha, o suspeito empreendeu fuga, dispensando algo que trazia consigo. Diante dessa situa\u00e7\u00e3o, a equipe K9 foi acionada para auxiliar na busca.<\/p>\n\n\n\n<p>Com o emprego de um c\u00e3o farejador altamente treinado, a equipe K9 conseguiu indicar e localizar um tablete de maconha, al\u00e9m de dois p\u00e9s da droga in natura. A efici\u00eancia do c\u00e3o policial foi crucial para o sucesso da opera\u00e7\u00e3o, resultando na apreens\u00e3o de aproximadamente 0,600 kg de maconha.<\/p>\n\n\n\n<p>Diante dos fatos, a droga apreendida foi encaminhada e apresentada na Central de Pol\u00edcia Judici\u00e1ria de SCRPardo. O indiv\u00edduo, que conseguiu evadir-se no momento da abordagem, foi indiciado pelo crime de tr\u00e1fico de drogas.<\/p>\n\n\n\n<p>A a\u00e7\u00e3o conjunta entre as equipes de R\u00e1dio Patrulha, o 13\u00ba BAEP e o c\u00e3o farejador demonstra o comprometimento das for\u00e7as policiais em combater o tr\u00e1fico de drogas na regi\u00e3o, garantindo a seguran\u00e7a da popula\u00e7\u00e3o e a aplica\u00e7\u00e3o da lei. O trabalho incans\u00e1vel desses profissionais \u00e9 essencial para manter a ordem e a paz na comunidade.<\/p>\n<input type=\"hidden\" id=\"baseurl\" value=\"https:\/\/noticiasregionais.com.br\"><input type=\"hidden\" id=\"audio_nonce\" value=\"533fbb67b1\">","protected":false},"excerpt":{"rendered":"<p>Na manh\u00e3 desta quinta-feira, a Pol\u00edcia Militar, por meio da Equipe K9 do 13\u00ba Batalh\u00e3o de A\u00e7\u00f5es Especiais de Pol\u00edcia&hellip;<\/p>\n","protected":false},"author":1,"featured_media":1636,"comment_status":"closed","ping_status":"open","sticky":false,"template":"","format":"standard","meta":{"sfsi_plus_gutenberg_text_before_share":"","sfsi_plus_gutenberg_show_text_before_share":"","sfsi_plus_gutenberg_icon_type":"","sfsi_plus_gutenberg_icon_alignemt":"","sfsi_plus_gutenburg_max_per_row":"","footnotes":""},"categories":[6,10,1],"tags":[],"class_list":["post-1635","post","type-post","status-publish","format-standard","has-post-thumbnail","hentry","category-sao_paulo","category-destaques","category-noticias"],"_links":{"self":[{"href":"https:\/\/noticiasregionais.com.br\/index.php?rest_route=\/wp\/v2\/posts\/1635","targetHints":{"allow":["GET"]}}],"collection":[{"href":"https:\/\/noticiasregionais.com.br\/index.php?rest_route=\/wp\/v2\/posts"}],"about":[{"href":"https:\/\/noticiasregionais.com.br\/index.php?rest_route=\/wp\/v2\/types\/post"}],"author":[{"embeddable":true,"href":"https:\/\/noticiasregionais.com.br\/index.php?rest_route=\/wp\/v2\/users\/1"}],"replies":[{"embeddable":true,"href":"https:\/\/noticiasregionais.com.br\/index.php?rest_route=%2Fwp%2Fv2%2Fcomments&post=1635"}],"version-history":[{"count":1,"href":"https:\/\/noticiasregionais.com.br\/index.php?rest_route=\/wp\/v2\/posts\/1635\/revisions"}],"predecessor-version":[{"id":1637,"href":"https:\/\/noticiasregionais.com.br\/index.php?rest_route=\/wp\/v2\/posts\/1635\/revisions\/1637"}],"wp:featuredmedia":[{"embeddable":true,"href":"https:\/\/noticiasregionais.com.br\/index.php?rest_route=\/wp\/v2\/media\/1636"}],"wp:attachment":[{"href":"https:\/\/noticiasregionais.com.br\/index.php?rest_route=%2Fwp%2Fv2%2Fmedia&parent=1635"}],"wp:term":[{"taxonomy":"category","embeddable":true,"href":"https:\/\/noticiasregionais.com.br\/index.php?rest_route=%2Fwp%2Fv2%2Fcategories&post=1635"},{"taxonomy":"post_tag","embeddable":true,"href":"https:\/\/noticiasregionais.com.br\/index.php?rest_route=%2Fwp%2Fv2%2Ftags&post=1635"}],"curies":[{"name":"wp","href":"https:\/\/api.w.org\/{rel}","templated":true}]}}