{"id":1638,"date":"2023-12-29T13:42:56","date_gmt":"2023-12-29T16:42:56","guid":{"rendered":"https:\/\/noticiasregionais.com.br\/?p=1638"},"modified":"2023-12-29T13:44:26","modified_gmt":"2023-12-29T16:44:26","slug":"barbeiro-e-detido-em-ourinhos-sp-por-trafico-de-drogas","status":"publish","type":"post","link":"https:\/\/noticiasregionais.com.br\/?p=1638","title":{"rendered":"Barbeiro \u00e9 detido em Ourinhos (SP) por tr\u00e1fico de drogas"},"content":{"rendered":"\n<p>Na \u00faltima quinta-feira, dia 28, um barbeiro identificado como Kauan foi detido sob acusa\u00e7\u00e3o de tr\u00e1fico de drogas ap\u00f3s uma opera\u00e7\u00e3o realizada pela Pol\u00edcia Militar. A pris\u00e3o ocorreu por volta das 18h10 na Rua Narciso Migliari, ap\u00f3s den\u00fancias an\u00f4nimas indicarem que o suspeito estaria envolvido com o com\u00e9rcio ilegal de entorpecentes.<\/p>\n\n\n\n<p>A PM abordou um ve\u00edculo Gol vermelho, no qual estavam presentes uma mulher e Kauan. Apesar de n\u00e3o terem sido encontradas subst\u00e2ncias ilegais no ve\u00edculo, as informa\u00e7\u00f5es levantadas indicavam que o barbeiro guardava drogas em sua resid\u00eancia.<\/p>\n\n\n\n<p>Com a autoriza\u00e7\u00e3o de Kauan, uma busca foi realizada em sua casa, devidamente registrada por meio de grava\u00e7\u00e3o audiovisual. A resid\u00eancia, localizada no Jardim Guapor\u00e9, revelou-se um ponto de armazenamento consider\u00e1vel de drogas.<\/p>\n\n\n\n<p>Durante a busca, os policiais encontraram 28 por\u00e7\u00f5es de coca\u00edna, j\u00e1 embaladas para venda, al\u00e9m de 11 pedras brutas de crack. No quarto do suspeito, uma balan\u00e7a de precis\u00e3o foi apreendida, juntamente com R$4.000,00 em esp\u00e9cie, mais duas pedras de crack, uma por\u00e7\u00e3o de maconha e outra balan\u00e7a.<\/p>\n\n\n\n<p><strong>As subst\u00e2ncias apreendidas foram quantificadas da seguinte forma:<\/strong><\/p>\n\n\n\n<p>MACONHA: 0,025kg<br>CRACK: 0,058kg<br>COCA\u00cdNA: 0,033kg<br>DINHEIRO: R$ 4.065,00<br>BALAN\u00c7A: 02 unidades<\/p>\n\n\n\n<p><br>Kauan foi conduzido ao Plant\u00e3o Policial e autuado em flagrante pelo crime de tr\u00e1fico de drogas. O barbeiro permanecer\u00e1 detido aguardando a audi\u00eancia de cust\u00f3dia, onde ser\u00e3o definidos os pr\u00f3ximos passos do processo judicial. A opera\u00e7\u00e3o da Pol\u00edcia Militar refor\u00e7a o compromisso das autoridades em combater o tr\u00e1fico de drogas na regi\u00e3o e garantir a seguran\u00e7a da comunidade.<\/p>\n<input type=\"hidden\" id=\"baseurl\" value=\"https:\/\/noticiasregionais.com.br\"><input type=\"hidden\" id=\"audio_nonce\" value=\"533fbb67b1\">","protected":false},"excerpt":{"rendered":"<p>Na \u00faltima quinta-feira, dia 28, um barbeiro identificado como Kauan foi detido sob acusa\u00e7\u00e3o de tr\u00e1fico de drogas ap\u00f3s uma&hellip;<\/p>\n","protected":false},"author":1,"featured_media":1639,"comment_status":"closed","ping_status":"open","sticky":false,"template":"","format":"standard","meta":{"sfsi_plus_gutenberg_text_before_share":"","sfsi_plus_gutenberg_show_text_before_share":"","sfsi_plus_gutenberg_icon_type":"","sfsi_plus_gutenberg_icon_alignemt":"","sfsi_plus_gutenburg_max_per_row":"","footnotes":""},"categories":[5,12,1],"tags":[],"class_list":["post-1638","post","type-post","status-publish","format-standard","has-post-thumbnail","hentry","category-ourinhos","category-capa","category-noticias"],"_links":{"self":[{"href":"https:\/\/noticiasregionais.com.br\/index.php?rest_route=\/wp\/v2\/posts\/1638","targetHints":{"allow":["GET"]}}],"collection":[{"href":"https:\/\/noticiasregionais.com.br\/index.php?rest_route=\/wp\/v2\/posts"}],"about":[{"href":"https:\/\/noticiasregionais.com.br\/index.php?rest_route=\/wp\/v2\/types\/post"}],"author":[{"embeddable":true,"href":"https:\/\/noticiasregionais.com.br\/index.php?rest_route=\/wp\/v2\/users\/1"}],"replies":[{"embeddable":true,"href":"https:\/\/noticiasregionais.com.br\/index.php?rest_route=%2Fwp%2Fv2%2Fcomments&post=1638"}],"version-history":[{"count":3,"href":"https:\/\/noticiasregionais.com.br\/index.php?rest_route=\/wp\/v2\/posts\/1638\/revisions"}],"predecessor-version":[{"id":1642,"href":"https:\/\/noticiasregionais.com.br\/index.php?rest_route=\/wp\/v2\/posts\/1638\/revisions\/1642"}],"wp:featuredmedia":[{"embeddable":true,"href":"https:\/\/noticiasregionais.com.br\/index.php?rest_route=\/wp\/v2\/media\/1639"}],"wp:attachment":[{"href":"https:\/\/noticiasregionais.com.br\/index.php?rest_route=%2Fwp%2Fv2%2Fmedia&parent=1638"}],"wp:term":[{"taxonomy":"category","embeddable":true,"href":"https:\/\/noticiasregionais.com.br\/index.php?rest_route=%2Fwp%2Fv2%2Fcategories&post=1638"},{"taxonomy":"post_tag","embeddable":true,"href":"https:\/\/noticiasregionais.com.br\/index.php?rest_route=%2Fwp%2Fv2%2Ftags&post=1638"}],"curies":[{"name":"wp","href":"https:\/\/api.w.org\/{rel}","templated":true}]}}