{"id":1644,"date":"2024-01-01T10:34:29","date_gmt":"2024-01-01T13:34:29","guid":{"rendered":"https:\/\/noticiasregionais.com.br\/?p=1644"},"modified":"2024-01-01T10:49:07","modified_gmt":"2024-01-01T13:49:07","slug":"dividas-dos-municipios-ameacam-reeleicao-de-prefeitos-que-podem-se-tornar-ficha-suja","status":"publish","type":"post","link":"https:\/\/noticiasregionais.com.br\/?p=1644","title":{"rendered":"Arrecada\u00e7\u00e3o cai e prefeitos gastam cada vez mais por causa das elei\u00e7\u00f5es, podendo se tornar &#8220;ficha suja&#8221;"},"content":{"rendered":"\n<p class=\"has-text-align-center\"><strong>Cerca de 27% dos prefeitos est\u00e3o no vermelho, segundo a CNM; confira a an\u00e1lise do cientista pol\u00edtico Valdir Pucci e o alerta do presidente da entidade, Paulo Ziulkoski<\/strong><\/p>\n\n\n\n<p>Mesmo com o <a href=\"http:\/\/FPM em 2023 pagou R$ 21,5 bilh\u00f5es a mais que em 2022; veja quanto sua prefeitura recebeu\">aumento do Fundo de Participa\u00e7\u00e3o dos Munic\u00edpios (FPM) <\/a>repassado \u00e0s prefeituras em dezembro, boa parte dos executivos municipais ainda enfrenta d\u00edvidas. De acordo com a Confedera\u00e7\u00e3o Nacional de Munic\u00edpios (CNM), pelo menos 27% dos prefeitos terminaram o ano no vermelho. \u00c9 o que aponta o estudo&nbsp;feito pela entidade&nbsp;em dezembro, quando a Confedera\u00e7\u00e3o ouviu mais de 80% dos prefeitos brasileiros.<\/p>\n\n\n\n<p>Tradicionalmente, em ano eleitoral, os rombos nas contas p\u00fablicas obrigam os pr\u00f3ximos eleitos a herdarem d\u00edvidas e demandas da popula\u00e7\u00e3o&nbsp;n\u00e3o atendidas pelos mandat\u00e1rios anteriores. Ao iniciar 2024, as d\u00edvidas tamb\u00e9m podem dificultar a reelei\u00e7\u00e3o de muitos prefeitos ou, ainda, atrapalhar a elei\u00e7\u00e3o dos candidatos apoiados por gestores municipais que estiverem nesta situa\u00e7\u00e3o.<\/p>\n\n\n\n<p>\u201cNo aspecto pol\u00edtico, se o prefeito tem boa popularidade, possivelmente vai tentar a reelei\u00e7\u00e3o \u2013 independente de conseguir ou n\u00e3o honrar com as contas p\u00fablicas do munic\u00edpio\u201d, analisa o cientista pol\u00edtico Valdir Pucci, professor da Faculdade Republicana de Bras\u00edlia.&nbsp;<\/p>\n\n\n\n<p>Mas Pucci adverte que&nbsp;as d\u00edvidas contra\u00eddas pelos munic\u00edpios podem provocar o&nbsp;enquadramento dos prefeitos na Lei de Responsabilidade Fiscal (LRF), fazendo com que eles se tornem &#8220;fica suja&#8221;.<\/p>\n\n\n\n<p>\u201cAgora, se a gente for olhar pelo aspecto fiscal da quest\u00e3o, a\u00ed sim, eu acredito que os prefeitos possam, inclusive, evitar de se candidatarem, justamente porque l\u00e1 na frente eles ter\u00e3o que responder pela LRF\u201d, acrescenta o cientista pol\u00edtico.<\/p>\n\n\n\n<h2 class=\"wp-block-heading\">Risco de ficha suja<\/h2>\n\n\n\n<p>Para o presidente da Confedera\u00e7\u00e3o Nacional de Munic\u00edpios (CNM), Paulo Ziulkoski, a grande preocupa\u00e7\u00e3o dos prefeitos que se encontram no vermelho deveria ser o risco de se tornarem ficha suja. O l\u00edder municipalista&nbsp;afirmou recentemente \u00e0 reportagem do Brasil 61<strong>,<\/strong>&nbsp; que este&nbsp;risco existe e \u00e9 eminente para&nbsp;muitos prefeitos, por causa do endividamento de seus munic\u00edpios.<\/p>\n\n\n\n<p>\u201cH\u00e1 uma progress\u00e3o quase cont\u00ednua no d\u00e9ficit p\u00fablico, onde os munic\u00edpios arrecadam cada vez menos e continuam com a despesa aumentando muito\u201d, informa o l\u00edder nacional dos gestores. Segundo ele, \u201co custeio \u00e9 o principal elemento que detona essa crise e a despesa de pessoal\u201d, avalia.&nbsp;<\/p>\n\n\n\n<p>\u201c\u00c9 quase uma tempestade perfeita: cerca de 51 % dos munic\u00edpios do Brasil mostram claramente essa evolu\u00e7\u00e3o negativa, a receita caindo e a despesa aumentando\u201d, revela Zilkoski, esclarecendo que milhares de munic\u00edpios n\u00e3o encontram solu\u00e7\u00e3o, \u201cporque n\u00e3o t\u00eam base de arrecada\u00e7\u00e3o\u201d.<\/p>\n\n\n\n<p>\u201cA legisla\u00e7\u00e3o \u00e9 muito s\u00e9ria, [os prefeitos] v\u00e3o ter as contas rejeitadas, v\u00e3o se tornar ficha suja, a maioria, se n\u00e3o olhar melhor essa situa\u00e7\u00e3o\u201d, alerta o presidente da entidade. \u201cEnt\u00e3o, a tend\u00eancia \u00e9 aprofundar esta crise\u201d, conclui.<\/p>\n\n\n\n<p><a href=\"https:\/\/brasil61.com\/n\/fpm-prefeituras-recebem-mais-de-r-4-5-bilhoes-nesta-sexta-feira-29-bras2310508\" target=\"_blank\" rel=\"noopener\">FPM: Uni\u00e3o repassa R$ 4.5 bi para prefeituras em \u00faltimo repasse do ano; clique e saiba o valor destinado para sua cidade<\/a><\/p>\n\n\n\n<p>Fonte: <a href=\"https:\/\/brasil61.com\/n\/eleicoes-municipais-2024-dividas-dos-municipios-ameacam-reeleicao-de-prefeitos-que-podem-se-tornar-ficha-suja-bras2310529\" target=\"_blank\" rel=\"noreferrer noopener\">Brasil 61<\/a><\/p>\n<input type=\"hidden\" id=\"baseurl\" value=\"https:\/\/noticiasregionais.com.br\"><input type=\"hidden\" id=\"audio_nonce\" value=\"533fbb67b1\">","protected":false},"excerpt":{"rendered":"<p>Cerca de 27% dos prefeitos est\u00e3o no vermelho, segundo a CNM; confira a an\u00e1lise do cientista pol\u00edtico Valdir Pucci e&hellip;<\/p>\n","protected":false},"author":1,"featured_media":1645,"comment_status":"closed","ping_status":"open","sticky":false,"template":"","format":"standard","meta":{"sfsi_plus_gutenberg_text_before_share":"","sfsi_plus_gutenberg_show_text_before_share":"","sfsi_plus_gutenberg_icon_type":"","sfsi_plus_gutenberg_icon_alignemt":"","sfsi_plus_gutenburg_max_per_row":"","footnotes":""},"categories":[8,10,1],"tags":[],"class_list":["post-1644","post","type-post","status-publish","format-standard","has-post-thumbnail","hentry","category-brasil","category-destaques","category-noticias"],"_links":{"self":[{"href":"https:\/\/noticiasregionais.com.br\/index.php?rest_route=\/wp\/v2\/posts\/1644","targetHints":{"allow":["GET"]}}],"collection":[{"href":"https:\/\/noticiasregionais.com.br\/index.php?rest_route=\/wp\/v2\/posts"}],"about":[{"href":"https:\/\/noticiasregionais.com.br\/index.php?rest_route=\/wp\/v2\/types\/post"}],"author":[{"embeddable":true,"href":"https:\/\/noticiasregionais.com.br\/index.php?rest_route=\/wp\/v2\/users\/1"}],"replies":[{"embeddable":true,"href":"https:\/\/noticiasregionais.com.br\/index.php?rest_route=%2Fwp%2Fv2%2Fcomments&post=1644"}],"version-history":[{"count":3,"href":"https:\/\/noticiasregionais.com.br\/index.php?rest_route=\/wp\/v2\/posts\/1644\/revisions"}],"predecessor-version":[{"id":1649,"href":"https:\/\/noticiasregionais.com.br\/index.php?rest_route=\/wp\/v2\/posts\/1644\/revisions\/1649"}],"wp:featuredmedia":[{"embeddable":true,"href":"https:\/\/noticiasregionais.com.br\/index.php?rest_route=\/wp\/v2\/media\/1645"}],"wp:attachment":[{"href":"https:\/\/noticiasregionais.com.br\/index.php?rest_route=%2Fwp%2Fv2%2Fmedia&parent=1644"}],"wp:term":[{"taxonomy":"category","embeddable":true,"href":"https:\/\/noticiasregionais.com.br\/index.php?rest_route=%2Fwp%2Fv2%2Fcategories&post=1644"},{"taxonomy":"post_tag","embeddable":true,"href":"https:\/\/noticiasregionais.com.br\/index.php?rest_route=%2Fwp%2Fv2%2Ftags&post=1644"}],"curies":[{"name":"wp","href":"https:\/\/api.w.org\/{rel}","templated":true}]}}